{"id":552,"date":"2018-09-09T18:47:44","date_gmt":"2018-09-09T16:47:44","guid":{"rendered":"http:\/\/www.idrr.fr\/WordPress\/?p=552"},"modified":"2019-03-25T21:30:58","modified_gmt":"2019-03-25T20:30:58","slug":"la-fete-de-la-science-dans-le-tarn-nouvelle-edition","status":"publish","type":"post","link":"https:\/\/www.idrr.fr\/WordPress\/2018\/09\/09\/la-fete-de-la-science-dans-le-tarn-nouvelle-edition\/","title":{"rendered":"La F\u00eate de la science dans le Tarn 2018- Nouvelle Edition"},"content":{"rendered":"<p style=\"text-align: center;\">La F\u00eate de la Science dans le Tarn revient cette ann\u00e9e encore avec plein de nouveaut\u00e9s et un vaste programme!<\/p>\n<p style=\"text-align: center;\">Sans plus attendre voici la Brochure de cette \u00e9dition 2018:<\/p>\n<p style=\"text-align: center;\"><a href=\"http:\/\/www.idrr.fr\/WordPress\/wp-content\/uploads\/2018\/09\/FdS-2018-programme.pdf\">FdS 2018 programme<\/a><\/p>\n<p>L&rsquo;IDRR sera pr\u00e9sent:<\/p>\n<ul>\n<li>sur <strong>l&rsquo;\u00e9tape carmausine<\/strong> <strong>du 2 au 7 octobre<\/strong> avec un atelier sur <em>la cha\u00eene \u00e9nerg\u00e9tique<\/em> (Nous remercions Michel Falempe pour cette cr\u00e9ation).<\/li>\n<\/ul>\n<p>Nous avons l\u2019habitude de brancher nos appareils \u00e9lectrique aux prises et d\u2019actionner l\u2019interrupteur pour allumer la lumi\u00e8re.<br \/>\nMais d\u2019o\u00f9 vient cette \u00e9lectricit\u00e9 et comment arrive-t-elle jusqu\u2019\u00e0 nous?<br \/>\nQuel pourcentage d\u2019\u00e9nergie arrive jusqu\u2019\u00e0 nous?<\/p>\n<ul>\n<li>sur <strong>l&rsquo;\u00e9tape \u00e0 Sa\u00efx du 17 au 20 octobre<\/strong> avec un atelier sur <em>le 7i\u00e8me continent<\/em>.<\/li>\n<\/ul>\n<p>L\u2019eau sur terre est omnipr\u00e9sente et se d\u00e9place. R\u00e9cemment des scientifiques en parcourant les oc\u00e9ans ont d\u00e9couvert ce qu\u2019ils ont nomm\u00e9 le 7e continent.<br \/>\nD\u2019o\u00f9 vient-il? O\u00f9 se trouve-t-il?<br \/>\nDe quoi est-il compos\u00e9?<br \/>\nQuelles sont les cons\u00e9quences ?<\/p>\n<p>&nbsp;<\/p>\n<p>Nous esp\u00e9rons vous y voir nombreux!<\/p>\n<p>L&rsquo;\u00e9quipe de l&rsquo;IDRR<\/p>\n","protected":false},"excerpt":{"rendered":"<p>La F\u00eate de la Science dans le Tarn revient cette ann\u00e9e encore avec plein de nouveaut\u00e9s et un vaste programme! Sans plus attendre voici la Brochure de cette \u00e9dition 2018: <a class=\"more-link\" href=\"https:\/\/www.idrr.fr\/WordPress\/2018\/09\/09\/la-fete-de-la-science-dans-le-tarn-nouvelle-edition\/\">lire la suite \u2192<\/a><\/p>\n","protected":false},"author":1,"featured_media":554,"comment_status":"closed","ping_status":"closed","sticky":false,"template":"","format":"standard","meta":[],"categories":[8],"tags":[],"yoast_head":"<!-- This site is optimized with the Yoast SEO plugin v20.0 - https:\/\/yoast.com\/wordpress\/plugins\/seo\/ -->\n<title>La F\u00eate de la science dans le Tarn 2018- Nouvelle Edition - IDRR<\/title>\n<meta name=\"robots\" content=\"index, follow, max-snippet:-1, max-image-preview:large, max-video-preview:-1\" \/>\n<link rel=\"canonical\" href=\"https:\/\/www.idrr.fr\/WordPress\/2018\/09\/09\/la-fete-de-la-science-dans-le-tarn-nouvelle-edition\/\" \/>\n<meta property=\"og:locale\" content=\"fr_FR\" \/>\n<meta property=\"og:type\" content=\"article\" \/>\n<meta property=\"og:title\" content=\"La F\u00eate de la science dans le Tarn 2018- Nouvelle Edition - IDRR\" \/>\n<meta property=\"og:description\" content=\"La F\u00eate de la Science dans le Tarn revient cette ann\u00e9e encore avec plein de nouveaut\u00e9s et un vaste programme! Sans plus attendre voici la Brochure de cette \u00e9dition 2018: lire la suite \u2192\" \/>\n<meta property=\"og:url\" content=\"https:\/\/www.idrr.fr\/WordPress\/2018\/09\/09\/la-fete-de-la-science-dans-le-tarn-nouvelle-edition\/\" \/>\n<meta property=\"og:site_name\" content=\"IDRR\" \/>\n<meta property=\"article:published_time\" content=\"2018-09-09T16:47:44+00:00\" \/>\n<meta property=\"article:modified_time\" content=\"2019-03-25T20:30:58+00:00\" \/>\n<meta property=\"og:image\" content=\"https:\/\/www.idrr.fr\/WordPress\/wp-content\/uploads\/2018\/09\/Tarn-A3-2018.jpg\" \/>\n\t<meta property=\"og:image:width\" content=\"835\" \/>\n\t<meta property=\"og:image:height\" content=\"1181\" \/>\n\t<meta property=\"og:image:type\" content=\"image\/jpeg\" \/>\n<meta name=\"author\" content=\"idrradmin\" \/>\n<meta name=\"twitter:card\" content=\"summary_large_image\" \/>\n<meta name=\"twitter:label1\" content=\"\u00c9crit par\" \/>\n\t<meta name=\"twitter:data1\" content=\"idrradmin\" \/>\n\t<meta name=\"twitter:label2\" content=\"Dur\u00e9e de lecture estim\u00e9e\" \/>\n\t<meta name=\"twitter:data2\" content=\"1 minute\" \/>\n<script type=\"application\/ld+json\" class=\"yoast-schema-graph\">{\"@context\":\"https:\/\/schema.org\",\"@graph\":[{\"@type\":\"Article\",\"@id\":\"https:\/\/www.idrr.fr\/WordPress\/2018\/09\/09\/la-fete-de-la-science-dans-le-tarn-nouvelle-edition\/#article\",\"isPartOf\":{\"@id\":\"https:\/\/www.idrr.fr\/WordPress\/2018\/09\/09\/la-fete-de-la-science-dans-le-tarn-nouvelle-edition\/\"},\"author\":{\"name\":\"idrradmin\",\"@id\":\"https:\/\/www.idrr.fr\/WordPress\/#\/schema\/person\/84f7f5d2a5b0f6a42bd0e9cec8b12aa7\"},\"headline\":\"La F\u00eate de la science dans le Tarn 2018- Nouvelle Edition\",\"datePublished\":\"2018-09-09T16:47:44+00:00\",\"dateModified\":\"2019-03-25T20:30:58+00:00\",\"mainEntityOfPage\":{\"@id\":\"https:\/\/www.idrr.fr\/WordPress\/2018\/09\/09\/la-fete-de-la-science-dans-le-tarn-nouvelle-edition\/\"},\"wordCount\":189,\"publisher\":{\"@id\":\"https:\/\/www.idrr.fr\/WordPress\/#organization\"},\"articleSection\":[\"F\u00eate de la science\"],\"inLanguage\":\"fr-FR\"},{\"@type\":\"WebPage\",\"@id\":\"https:\/\/www.idrr.fr\/WordPress\/2018\/09\/09\/la-fete-de-la-science-dans-le-tarn-nouvelle-edition\/\",\"url\":\"https:\/\/www.idrr.fr\/WordPress\/2018\/09\/09\/la-fete-de-la-science-dans-le-tarn-nouvelle-edition\/\",\"name\":\"La F\u00eate de la science dans le Tarn 2018- Nouvelle Edition - IDRR\",\"isPartOf\":{\"@id\":\"https:\/\/www.idrr.fr\/WordPress\/#website\"},\"datePublished\":\"2018-09-09T16:47:44+00:00\",\"dateModified\":\"2019-03-25T20:30:58+00:00\",\"breadcrumb\":{\"@id\":\"https:\/\/www.idrr.fr\/WordPress\/2018\/09\/09\/la-fete-de-la-science-dans-le-tarn-nouvelle-edition\/#breadcrumb\"},\"inLanguage\":\"fr-FR\",\"potentialAction\":[{\"@type\":\"ReadAction\",\"target\":[\"https:\/\/www.idrr.fr\/WordPress\/2018\/09\/09\/la-fete-de-la-science-dans-le-tarn-nouvelle-edition\/\"]}]},{\"@type\":\"BreadcrumbList\",\"@id\":\"https:\/\/www.idrr.fr\/WordPress\/2018\/09\/09\/la-fete-de-la-science-dans-le-tarn-nouvelle-edition\/#breadcrumb\",\"itemListElement\":[{\"@type\":\"ListItem\",\"position\":1,\"name\":\"Accueil\",\"item\":\"https:\/\/www.idrr.fr\/WordPress\/\"},{\"@type\":\"ListItem\",\"position\":2,\"name\":\"La F\u00eate de la science dans le Tarn 2018- Nouvelle Edition\"}]},{\"@type\":\"WebSite\",\"@id\":\"https:\/\/www.idrr.fr\/WordPress\/#website\",\"url\":\"https:\/\/www.idrr.fr\/WordPress\/\",\"name\":\"IDRR\",\"description\":\"Institut de D\u00e9veloppement des Ressources Renouvelables\",\"publisher\":{\"@id\":\"https:\/\/www.idrr.fr\/WordPress\/#organization\"},\"potentialAction\":[{\"@type\":\"SearchAction\",\"target\":{\"@type\":\"EntryPoint\",\"urlTemplate\":\"https:\/\/www.idrr.fr\/WordPress\/?s={search_term_string}\"},\"query-input\":\"required name=search_term_string\"}],\"inLanguage\":\"fr-FR\"},{\"@type\":\"Organization\",\"@id\":\"https:\/\/www.idrr.fr\/WordPress\/#organization\",\"name\":\"IDRR\",\"url\":\"https:\/\/www.idrr.fr\/WordPress\/\",\"logo\":{\"@type\":\"ImageObject\",\"inLanguage\":\"fr-FR\",\"@id\":\"https:\/\/www.idrr.fr\/WordPress\/#\/schema\/logo\/image\/\",\"url\":\"https:\/\/www.idrr.fr\/WordPress\/wp-content\/uploads\/2016\/09\/Iconne-logo_02.png\",\"contentUrl\":\"https:\/\/www.idrr.fr\/WordPress\/wp-content\/uploads\/2016\/09\/Iconne-logo_02.png\",\"width\":89,\"height\":88,\"caption\":\"IDRR\"},\"image\":{\"@id\":\"https:\/\/www.idrr.fr\/WordPress\/#\/schema\/logo\/image\/\"}},{\"@type\":\"Person\",\"@id\":\"https:\/\/www.idrr.fr\/WordPress\/#\/schema\/person\/84f7f5d2a5b0f6a42bd0e9cec8b12aa7\",\"name\":\"idrradmin\",\"image\":{\"@type\":\"ImageObject\",\"inLanguage\":\"fr-FR\",\"@id\":\"https:\/\/www.idrr.fr\/WordPress\/#\/schema\/person\/image\/\",\"url\":\"https:\/\/secure.gravatar.com\/avatar\/9becda3e70ebfe57a6175f9ec5b4f514?s=96&d=mm&r=g\",\"contentUrl\":\"https:\/\/secure.gravatar.com\/avatar\/9becda3e70ebfe57a6175f9ec5b4f514?s=96&d=mm&r=g\",\"caption\":\"idrradmin\"},\"url\":\"https:\/\/www.idrr.fr\/WordPress\/author\/idrradmin\/\"}]}<\/script>\n<!-- \/ Yoast SEO plugin. -->","yoast_head_json":{"title":"La F\u00eate de la science dans le Tarn 2018- Nouvelle Edition - IDRR","robots":{"index":"index","follow":"follow","max-snippet":"max-snippet:-1","max-image-preview":"max-image-preview:large","max-video-preview":"max-video-preview:-1"},"canonical":"https:\/\/www.idrr.fr\/WordPress\/2018\/09\/09\/la-fete-de-la-science-dans-le-tarn-nouvelle-edition\/","og_locale":"fr_FR","og_type":"article","og_title":"La F\u00eate de la science dans le Tarn 2018- Nouvelle Edition - IDRR","og_description":"La F\u00eate de la Science dans le Tarn revient cette ann\u00e9e encore avec plein de nouveaut\u00e9s et un vaste programme! Sans plus attendre voici la Brochure de cette \u00e9dition 2018: lire la suite \u2192","og_url":"https:\/\/www.idrr.fr\/WordPress\/2018\/09\/09\/la-fete-de-la-science-dans-le-tarn-nouvelle-edition\/","og_site_name":"IDRR","article_published_time":"2018-09-09T16:47:44+00:00","article_modified_time":"2019-03-25T20:30:58+00:00","og_image":[{"width":835,"height":1181,"url":"https:\/\/www.idrr.fr\/WordPress\/wp-content\/uploads\/2018\/09\/Tarn-A3-2018.jpg","type":"image\/jpeg"}],"author":"idrradmin","twitter_card":"summary_large_image","twitter_misc":{"\u00c9crit par":"idrradmin","Dur\u00e9e de lecture estim\u00e9e":"1 minute"},"schema":{"@context":"https:\/\/schema.org","@graph":[{"@type":"Article","@id":"https:\/\/www.idrr.fr\/WordPress\/2018\/09\/09\/la-fete-de-la-science-dans-le-tarn-nouvelle-edition\/#article","isPartOf":{"@id":"https:\/\/www.idrr.fr\/WordPress\/2018\/09\/09\/la-fete-de-la-science-dans-le-tarn-nouvelle-edition\/"},"author":{"name":"idrradmin","@id":"https:\/\/www.idrr.fr\/WordPress\/#\/schema\/person\/84f7f5d2a5b0f6a42bd0e9cec8b12aa7"},"headline":"La F\u00eate de la science dans le Tarn 2018- Nouvelle Edition","datePublished":"2018-09-09T16:47:44+00:00","dateModified":"2019-03-25T20:30:58+00:00","mainEntityOfPage":{"@id":"https:\/\/www.idrr.fr\/WordPress\/2018\/09\/09\/la-fete-de-la-science-dans-le-tarn-nouvelle-edition\/"},"wordCount":189,"publisher":{"@id":"https:\/\/www.idrr.fr\/WordPress\/#organization"},"articleSection":["F\u00eate de la science"],"inLanguage":"fr-FR"},{"@type":"WebPage","@id":"https:\/\/www.idrr.fr\/WordPress\/2018\/09\/09\/la-fete-de-la-science-dans-le-tarn-nouvelle-edition\/","url":"https:\/\/www.idrr.fr\/WordPress\/2018\/09\/09\/la-fete-de-la-science-dans-le-tarn-nouvelle-edition\/","name":"La F\u00eate de la science dans le Tarn 2018- Nouvelle Edition - IDRR","isPartOf":{"@id":"https:\/\/www.idrr.fr\/WordPress\/#website"},"datePublished":"2018-09-09T16:47:44+00:00","dateModified":"2019-03-25T20:30:58+00:00","breadcrumb":{"@id":"https:\/\/www.idrr.fr\/WordPress\/2018\/09\/09\/la-fete-de-la-science-dans-le-tarn-nouvelle-edition\/#breadcrumb"},"inLanguage":"fr-FR","potentialAction":[{"@type":"ReadAction","target":["https:\/\/www.idrr.fr\/WordPress\/2018\/09\/09\/la-fete-de-la-science-dans-le-tarn-nouvelle-edition\/"]}]},{"@type":"BreadcrumbList","@id":"https:\/\/www.idrr.fr\/WordPress\/2018\/09\/09\/la-fete-de-la-science-dans-le-tarn-nouvelle-edition\/#breadcrumb","itemListElement":[{"@type":"ListItem","position":1,"name":"Accueil","item":"https:\/\/www.idrr.fr\/WordPress\/"},{"@type":"ListItem","position":2,"name":"La F\u00eate de la science dans le Tarn 2018- Nouvelle Edition"}]},{"@type":"WebSite","@id":"https:\/\/www.idrr.fr\/WordPress\/#website","url":"https:\/\/www.idrr.fr\/WordPress\/","name":"IDRR","description":"Institut de D\u00e9veloppement des Ressources Renouvelables","publisher":{"@id":"https:\/\/www.idrr.fr\/WordPress\/#organization"},"potentialAction":[{"@type":"SearchAction","target":{"@type":"EntryPoint","urlTemplate":"https:\/\/www.idrr.fr\/WordPress\/?s={search_term_string}"},"query-input":"required name=search_term_string"}],"inLanguage":"fr-FR"},{"@type":"Organization","@id":"https:\/\/www.idrr.fr\/WordPress\/#organization","name":"IDRR","url":"https:\/\/www.idrr.fr\/WordPress\/","logo":{"@type":"ImageObject","inLanguage":"fr-FR","@id":"https:\/\/www.idrr.fr\/WordPress\/#\/schema\/logo\/image\/","url":"https:\/\/www.idrr.fr\/WordPress\/wp-content\/uploads\/2016\/09\/Iconne-logo_02.png","contentUrl":"https:\/\/www.idrr.fr\/WordPress\/wp-content\/uploads\/2016\/09\/Iconne-logo_02.png","width":89,"height":88,"caption":"IDRR"},"image":{"@id":"https:\/\/www.idrr.fr\/WordPress\/#\/schema\/logo\/image\/"}},{"@type":"Person","@id":"https:\/\/www.idrr.fr\/WordPress\/#\/schema\/person\/84f7f5d2a5b0f6a42bd0e9cec8b12aa7","name":"idrradmin","image":{"@type":"ImageObject","inLanguage":"fr-FR","@id":"https:\/\/www.idrr.fr\/WordPress\/#\/schema\/person\/image\/","url":"https:\/\/secure.gravatar.com\/avatar\/9becda3e70ebfe57a6175f9ec5b4f514?s=96&d=mm&r=g","contentUrl":"https:\/\/secure.gravatar.com\/avatar\/9becda3e70ebfe57a6175f9ec5b4f514?s=96&d=mm&r=g","caption":"idrradmin"},"url":"https:\/\/www.idrr.fr\/WordPress\/author\/idrradmin\/"}]}},"_links":{"self":[{"href":"https:\/\/www.idrr.fr\/WordPress\/wp-json\/wp\/v2\/posts\/552"}],"collection":[{"href":"https:\/\/www.idrr.fr\/WordPress\/wp-json\/wp\/v2\/posts"}],"about":[{"href":"https:\/\/www.idrr.fr\/WordPress\/wp-json\/wp\/v2\/types\/post"}],"author":[{"embeddable":true,"href":"https:\/\/www.idrr.fr\/WordPress\/wp-json\/wp\/v2\/users\/1"}],"replies":[{"embeddable":true,"href":"https:\/\/www.idrr.fr\/WordPress\/wp-json\/wp\/v2\/comments?post=552"}],"version-history":[{"count":3,"href":"https:\/\/www.idrr.fr\/WordPress\/wp-json\/wp\/v2\/posts\/552\/revisions"}],"predecessor-version":[{"id":558,"href":"https:\/\/www.idrr.fr\/WordPress\/wp-json\/wp\/v2\/posts\/552\/revisions\/558"}],"wp:featuredmedia":[{"embeddable":true,"href":"https:\/\/www.idrr.fr\/WordPress\/wp-json\/wp\/v2\/media\/554"}],"wp:attachment":[{"href":"https:\/\/www.idrr.fr\/WordPress\/wp-json\/wp\/v2\/media?parent=552"}],"wp:term":[{"taxonomy":"category","embeddable":true,"href":"https:\/\/www.idrr.fr\/WordPress\/wp-json\/wp\/v2\/categories?post=552"},{"taxonomy":"post_tag","embeddable":true,"href":"https:\/\/www.idrr.fr\/WordPress\/wp-json\/wp\/v2\/tags?post=552"}],"curies":[{"name":"wp","href":"https:\/\/api.w.org\/{rel}","templated":true}]}}