{"id":505,"date":"2018-03-27T10:29:53","date_gmt":"2018-03-27T08:29:53","guid":{"rendered":"http:\/\/www.idrr.fr\/WordPress\/?p=505"},"modified":"2018-03-27T10:29:53","modified_gmt":"2018-03-27T08:29:53","slug":"festival-trois-jours-trop-court-en-partenariat-avec-lensav","status":"publish","type":"post","link":"https:\/\/www.idrr.fr\/WordPress\/2018\/03\/27\/festival-trois-jours-trop-court-en-partenariat-avec-lensav\/","title":{"rendered":"Festival Trois Jours Trop Court (en partenariat avec l&rsquo;ENSAV)"},"content":{"rendered":"<div id=\"js_v\" class=\"_5pbx userContent _3576\" data-ft=\"{&quot;tn&quot;:&quot;K&quot;}\">\n<p>Trois Jours Trop Court c&rsquo;est dans quelques jours! Pr\u00e9parez votre weekend du 29-30-31 mars! Pour cette 12\u00e8me et derni\u00e8re \u00e9dition du festival, nous vous attendons nombreux \u00e0 la d\u00e9couverte de fabuleux courts-m\u00e9trages d&rsquo;animation! Pour profiter au mieux du festival et s\u00e9lectionner vos s\u00e9ances pr\u00e9f\u00e9r\u00e9es, voici le programme!<\/p>\n<\/div>\n<div class=\"_3x-2\" data-ft=\"{&quot;tn&quot;:&quot;H&quot;}\">\n<div data-ft=\"{&quot;tn&quot;:&quot;H&quot;}\">\n<div class=\"mtm\">\n<div>\n<div class=\"\" data-ft=\"{&quot;tn&quot;:&quot;E&quot;}\">\n<div class=\"uiScaledImageContainer _517g\"><img decoding=\"async\" loading=\"lazy\" class=\"scaledImageFitWidth img\" src=\"https:\/\/scontent-cdg2-1.xx.fbcdn.net\/v\/t1.0-9\/p720x720\/29386955_1606101626106158_9133788837355454464_o.jpg?_nc_cat=0&amp;oh=80ce8627c1602f0da0273cb2525d1de7&amp;oe=5B2D755A\" alt=\"L\u2019image contient peut-\u00eatre\u00a0: texte\" width=\"476\" height=\"714\" \/><\/div>\n<\/div>\n<div>Pour plus de d\u00e9tails:<\/div>\n<\/div>\n<div><a href=\"http:\/\/www.idrr.fr\/WordPress\/wp-content\/uploads\/2018\/03\/tjtc_programme_2018.pdf\">tjtc_programme_2018<\/a><\/div>\n<\/div>\n<\/div>\n<\/div>\n","protected":false},"excerpt":{"rendered":"<p>Trois Jours Trop Court c&rsquo;est dans quelques jours! Pr\u00e9parez votre weekend du 29-30-31 mars! Pour cette 12\u00e8me et derni\u00e8re \u00e9dition du festival, nous vous attendons nombreux \u00e0 la d\u00e9couverte de <a class=\"more-link\" href=\"https:\/\/www.idrr.fr\/WordPress\/2018\/03\/27\/festival-trois-jours-trop-court-en-partenariat-avec-lensav\/\">lire la suite \u2192<\/a><\/p>\n","protected":false},"author":1,"featured_media":0,"comment_status":"closed","ping_status":"closed","sticky":false,"template":"","format":"standard","meta":[],"categories":[18],"tags":[],"yoast_head":"<!-- This site is optimized with the Yoast SEO plugin v20.0 - https:\/\/yoast.com\/wordpress\/plugins\/seo\/ -->\n<title>Festival Trois Jours Trop Court (en partenariat avec l&#039;ENSAV) - IDRR<\/title>\n<meta name=\"robots\" content=\"index, follow, max-snippet:-1, max-image-preview:large, max-video-preview:-1\" \/>\n<link rel=\"canonical\" href=\"https:\/\/www.idrr.fr\/WordPress\/2018\/03\/27\/festival-trois-jours-trop-court-en-partenariat-avec-lensav\/\" \/>\n<meta property=\"og:locale\" content=\"fr_FR\" \/>\n<meta property=\"og:type\" content=\"article\" \/>\n<meta property=\"og:title\" content=\"Festival Trois Jours Trop Court (en partenariat avec l&#039;ENSAV) - IDRR\" \/>\n<meta property=\"og:description\" content=\"Trois Jours Trop Court c&rsquo;est dans quelques jours! Pr\u00e9parez votre weekend du 29-30-31 mars! Pour cette 12\u00e8me et derni\u00e8re \u00e9dition du festival, nous vous attendons nombreux \u00e0 la d\u00e9couverte de lire la suite \u2192\" \/>\n<meta property=\"og:url\" content=\"https:\/\/www.idrr.fr\/WordPress\/2018\/03\/27\/festival-trois-jours-trop-court-en-partenariat-avec-lensav\/\" \/>\n<meta property=\"og:site_name\" content=\"IDRR\" \/>\n<meta property=\"article:published_time\" content=\"2018-03-27T08:29:53+00:00\" \/>\n<meta property=\"og:image\" content=\"https:\/\/scontent-cdg2-1.xx.fbcdn.net\/v\/t1.0-9\/p720x720\/29386955_1606101626106158_9133788837355454464_o.jpg?_nc_cat=0&amp;oh=80ce8627c1602f0da0273cb2525d1de7&amp;oe=5B2D755A\" \/>\n<meta name=\"author\" content=\"idrradmin\" \/>\n<meta name=\"twitter:card\" content=\"summary_large_image\" \/>\n<meta name=\"twitter:label1\" content=\"\u00c9crit par\" \/>\n\t<meta name=\"twitter:data1\" content=\"idrradmin\" \/>\n<script type=\"application\/ld+json\" class=\"yoast-schema-graph\">{\"@context\":\"https:\/\/schema.org\",\"@graph\":[{\"@type\":\"Article\",\"@id\":\"https:\/\/www.idrr.fr\/WordPress\/2018\/03\/27\/festival-trois-jours-trop-court-en-partenariat-avec-lensav\/#article\",\"isPartOf\":{\"@id\":\"https:\/\/www.idrr.fr\/WordPress\/2018\/03\/27\/festival-trois-jours-trop-court-en-partenariat-avec-lensav\/\"},\"author\":{\"name\":\"idrradmin\",\"@id\":\"https:\/\/www.idrr.fr\/WordPress\/#\/schema\/person\/84f7f5d2a5b0f6a42bd0e9cec8b12aa7\"},\"headline\":\"Festival Trois Jours Trop Court (en partenariat avec l&rsquo;ENSAV)\",\"datePublished\":\"2018-03-27T08:29:53+00:00\",\"dateModified\":\"2018-03-27T08:29:53+00:00\",\"mainEntityOfPage\":{\"@id\":\"https:\/\/www.idrr.fr\/WordPress\/2018\/03\/27\/festival-trois-jours-trop-court-en-partenariat-avec-lensav\/\"},\"wordCount\":75,\"publisher\":{\"@id\":\"https:\/\/www.idrr.fr\/WordPress\/#organization\"},\"articleSection\":[\"r\u00e9seau\"],\"inLanguage\":\"fr-FR\"},{\"@type\":\"WebPage\",\"@id\":\"https:\/\/www.idrr.fr\/WordPress\/2018\/03\/27\/festival-trois-jours-trop-court-en-partenariat-avec-lensav\/\",\"url\":\"https:\/\/www.idrr.fr\/WordPress\/2018\/03\/27\/festival-trois-jours-trop-court-en-partenariat-avec-lensav\/\",\"name\":\"Festival Trois Jours Trop Court (en partenariat avec l'ENSAV) - IDRR\",\"isPartOf\":{\"@id\":\"https:\/\/www.idrr.fr\/WordPress\/#website\"},\"datePublished\":\"2018-03-27T08:29:53+00:00\",\"dateModified\":\"2018-03-27T08:29:53+00:00\",\"breadcrumb\":{\"@id\":\"https:\/\/www.idrr.fr\/WordPress\/2018\/03\/27\/festival-trois-jours-trop-court-en-partenariat-avec-lensav\/#breadcrumb\"},\"inLanguage\":\"fr-FR\",\"potentialAction\":[{\"@type\":\"ReadAction\",\"target\":[\"https:\/\/www.idrr.fr\/WordPress\/2018\/03\/27\/festival-trois-jours-trop-court-en-partenariat-avec-lensav\/\"]}]},{\"@type\":\"BreadcrumbList\",\"@id\":\"https:\/\/www.idrr.fr\/WordPress\/2018\/03\/27\/festival-trois-jours-trop-court-en-partenariat-avec-lensav\/#breadcrumb\",\"itemListElement\":[{\"@type\":\"ListItem\",\"position\":1,\"name\":\"Accueil\",\"item\":\"https:\/\/www.idrr.fr\/WordPress\/\"},{\"@type\":\"ListItem\",\"position\":2,\"name\":\"Festival Trois Jours Trop Court (en partenariat avec l&rsquo;ENSAV)\"}]},{\"@type\":\"WebSite\",\"@id\":\"https:\/\/www.idrr.fr\/WordPress\/#website\",\"url\":\"https:\/\/www.idrr.fr\/WordPress\/\",\"name\":\"IDRR\",\"description\":\"Institut de D\u00e9veloppement des Ressources Renouvelables\",\"publisher\":{\"@id\":\"https:\/\/www.idrr.fr\/WordPress\/#organization\"},\"potentialAction\":[{\"@type\":\"SearchAction\",\"target\":{\"@type\":\"EntryPoint\",\"urlTemplate\":\"https:\/\/www.idrr.fr\/WordPress\/?s={search_term_string}\"},\"query-input\":\"required name=search_term_string\"}],\"inLanguage\":\"fr-FR\"},{\"@type\":\"Organization\",\"@id\":\"https:\/\/www.idrr.fr\/WordPress\/#organization\",\"name\":\"IDRR\",\"url\":\"https:\/\/www.idrr.fr\/WordPress\/\",\"logo\":{\"@type\":\"ImageObject\",\"inLanguage\":\"fr-FR\",\"@id\":\"https:\/\/www.idrr.fr\/WordPress\/#\/schema\/logo\/image\/\",\"url\":\"https:\/\/www.idrr.fr\/WordPress\/wp-content\/uploads\/2016\/09\/Iconne-logo_02.png\",\"contentUrl\":\"https:\/\/www.idrr.fr\/WordPress\/wp-content\/uploads\/2016\/09\/Iconne-logo_02.png\",\"width\":89,\"height\":88,\"caption\":\"IDRR\"},\"image\":{\"@id\":\"https:\/\/www.idrr.fr\/WordPress\/#\/schema\/logo\/image\/\"}},{\"@type\":\"Person\",\"@id\":\"https:\/\/www.idrr.fr\/WordPress\/#\/schema\/person\/84f7f5d2a5b0f6a42bd0e9cec8b12aa7\",\"name\":\"idrradmin\",\"image\":{\"@type\":\"ImageObject\",\"inLanguage\":\"fr-FR\",\"@id\":\"https:\/\/www.idrr.fr\/WordPress\/#\/schema\/person\/image\/\",\"url\":\"https:\/\/secure.gravatar.com\/avatar\/9becda3e70ebfe57a6175f9ec5b4f514?s=96&d=mm&r=g\",\"contentUrl\":\"https:\/\/secure.gravatar.com\/avatar\/9becda3e70ebfe57a6175f9ec5b4f514?s=96&d=mm&r=g\",\"caption\":\"idrradmin\"},\"url\":\"https:\/\/www.idrr.fr\/WordPress\/author\/idrradmin\/\"}]}<\/script>\n<!-- \/ Yoast SEO plugin. -->","yoast_head_json":{"title":"Festival Trois Jours Trop Court (en partenariat avec l'ENSAV) - IDRR","robots":{"index":"index","follow":"follow","max-snippet":"max-snippet:-1","max-image-preview":"max-image-preview:large","max-video-preview":"max-video-preview:-1"},"canonical":"https:\/\/www.idrr.fr\/WordPress\/2018\/03\/27\/festival-trois-jours-trop-court-en-partenariat-avec-lensav\/","og_locale":"fr_FR","og_type":"article","og_title":"Festival Trois Jours Trop Court (en partenariat avec l'ENSAV) - IDRR","og_description":"Trois Jours Trop Court c&rsquo;est dans quelques jours! Pr\u00e9parez votre weekend du 29-30-31 mars! Pour cette 12\u00e8me et derni\u00e8re \u00e9dition du festival, nous vous attendons nombreux \u00e0 la d\u00e9couverte de lire la suite \u2192","og_url":"https:\/\/www.idrr.fr\/WordPress\/2018\/03\/27\/festival-trois-jours-trop-court-en-partenariat-avec-lensav\/","og_site_name":"IDRR","article_published_time":"2018-03-27T08:29:53+00:00","og_image":[{"url":"https:\/\/scontent-cdg2-1.xx.fbcdn.net\/v\/t1.0-9\/p720x720\/29386955_1606101626106158_9133788837355454464_o.jpg?_nc_cat=0&amp;oh=80ce8627c1602f0da0273cb2525d1de7&amp;oe=5B2D755A"}],"author":"idrradmin","twitter_card":"summary_large_image","twitter_misc":{"\u00c9crit par":"idrradmin"},"schema":{"@context":"https:\/\/schema.org","@graph":[{"@type":"Article","@id":"https:\/\/www.idrr.fr\/WordPress\/2018\/03\/27\/festival-trois-jours-trop-court-en-partenariat-avec-lensav\/#article","isPartOf":{"@id":"https:\/\/www.idrr.fr\/WordPress\/2018\/03\/27\/festival-trois-jours-trop-court-en-partenariat-avec-lensav\/"},"author":{"name":"idrradmin","@id":"https:\/\/www.idrr.fr\/WordPress\/#\/schema\/person\/84f7f5d2a5b0f6a42bd0e9cec8b12aa7"},"headline":"Festival Trois Jours Trop Court (en partenariat avec l&rsquo;ENSAV)","datePublished":"2018-03-27T08:29:53+00:00","dateModified":"2018-03-27T08:29:53+00:00","mainEntityOfPage":{"@id":"https:\/\/www.idrr.fr\/WordPress\/2018\/03\/27\/festival-trois-jours-trop-court-en-partenariat-avec-lensav\/"},"wordCount":75,"publisher":{"@id":"https:\/\/www.idrr.fr\/WordPress\/#organization"},"articleSection":["r\u00e9seau"],"inLanguage":"fr-FR"},{"@type":"WebPage","@id":"https:\/\/www.idrr.fr\/WordPress\/2018\/03\/27\/festival-trois-jours-trop-court-en-partenariat-avec-lensav\/","url":"https:\/\/www.idrr.fr\/WordPress\/2018\/03\/27\/festival-trois-jours-trop-court-en-partenariat-avec-lensav\/","name":"Festival Trois Jours Trop Court (en partenariat avec l'ENSAV) - IDRR","isPartOf":{"@id":"https:\/\/www.idrr.fr\/WordPress\/#website"},"datePublished":"2018-03-27T08:29:53+00:00","dateModified":"2018-03-27T08:29:53+00:00","breadcrumb":{"@id":"https:\/\/www.idrr.fr\/WordPress\/2018\/03\/27\/festival-trois-jours-trop-court-en-partenariat-avec-lensav\/#breadcrumb"},"inLanguage":"fr-FR","potentialAction":[{"@type":"ReadAction","target":["https:\/\/www.idrr.fr\/WordPress\/2018\/03\/27\/festival-trois-jours-trop-court-en-partenariat-avec-lensav\/"]}]},{"@type":"BreadcrumbList","@id":"https:\/\/www.idrr.fr\/WordPress\/2018\/03\/27\/festival-trois-jours-trop-court-en-partenariat-avec-lensav\/#breadcrumb","itemListElement":[{"@type":"ListItem","position":1,"name":"Accueil","item":"https:\/\/www.idrr.fr\/WordPress\/"},{"@type":"ListItem","position":2,"name":"Festival Trois Jours Trop Court (en partenariat avec l&rsquo;ENSAV)"}]},{"@type":"WebSite","@id":"https:\/\/www.idrr.fr\/WordPress\/#website","url":"https:\/\/www.idrr.fr\/WordPress\/","name":"IDRR","description":"Institut de D\u00e9veloppement des Ressources Renouvelables","publisher":{"@id":"https:\/\/www.idrr.fr\/WordPress\/#organization"},"potentialAction":[{"@type":"SearchAction","target":{"@type":"EntryPoint","urlTemplate":"https:\/\/www.idrr.fr\/WordPress\/?s={search_term_string}"},"query-input":"required name=search_term_string"}],"inLanguage":"fr-FR"},{"@type":"Organization","@id":"https:\/\/www.idrr.fr\/WordPress\/#organization","name":"IDRR","url":"https:\/\/www.idrr.fr\/WordPress\/","logo":{"@type":"ImageObject","inLanguage":"fr-FR","@id":"https:\/\/www.idrr.fr\/WordPress\/#\/schema\/logo\/image\/","url":"https:\/\/www.idrr.fr\/WordPress\/wp-content\/uploads\/2016\/09\/Iconne-logo_02.png","contentUrl":"https:\/\/www.idrr.fr\/WordPress\/wp-content\/uploads\/2016\/09\/Iconne-logo_02.png","width":89,"height":88,"caption":"IDRR"},"image":{"@id":"https:\/\/www.idrr.fr\/WordPress\/#\/schema\/logo\/image\/"}},{"@type":"Person","@id":"https:\/\/www.idrr.fr\/WordPress\/#\/schema\/person\/84f7f5d2a5b0f6a42bd0e9cec8b12aa7","name":"idrradmin","image":{"@type":"ImageObject","inLanguage":"fr-FR","@id":"https:\/\/www.idrr.fr\/WordPress\/#\/schema\/person\/image\/","url":"https:\/\/secure.gravatar.com\/avatar\/9becda3e70ebfe57a6175f9ec5b4f514?s=96&d=mm&r=g","contentUrl":"https:\/\/secure.gravatar.com\/avatar\/9becda3e70ebfe57a6175f9ec5b4f514?s=96&d=mm&r=g","caption":"idrradmin"},"url":"https:\/\/www.idrr.fr\/WordPress\/author\/idrradmin\/"}]}},"_links":{"self":[{"href":"https:\/\/www.idrr.fr\/WordPress\/wp-json\/wp\/v2\/posts\/505"}],"collection":[{"href":"https:\/\/www.idrr.fr\/WordPress\/wp-json\/wp\/v2\/posts"}],"about":[{"href":"https:\/\/www.idrr.fr\/WordPress\/wp-json\/wp\/v2\/types\/post"}],"author":[{"embeddable":true,"href":"https:\/\/www.idrr.fr\/WordPress\/wp-json\/wp\/v2\/users\/1"}],"replies":[{"embeddable":true,"href":"https:\/\/www.idrr.fr\/WordPress\/wp-json\/wp\/v2\/comments?post=505"}],"version-history":[{"count":1,"href":"https:\/\/www.idrr.fr\/WordPress\/wp-json\/wp\/v2\/posts\/505\/revisions"}],"predecessor-version":[{"id":507,"href":"https:\/\/www.idrr.fr\/WordPress\/wp-json\/wp\/v2\/posts\/505\/revisions\/507"}],"wp:attachment":[{"href":"https:\/\/www.idrr.fr\/WordPress\/wp-json\/wp\/v2\/media?parent=505"}],"wp:term":[{"taxonomy":"category","embeddable":true,"href":"https:\/\/www.idrr.fr\/WordPress\/wp-json\/wp\/v2\/categories?post=505"},{"taxonomy":"post_tag","embeddable":true,"href":"https:\/\/www.idrr.fr\/WordPress\/wp-json\/wp\/v2\/tags?post=505"}],"curies":[{"name":"wp","href":"https:\/\/api.w.org\/{rel}","templated":true}]}}