{"id":489,"date":"2018-03-08T12:42:57","date_gmt":"2018-03-08T11:42:57","guid":{"rendered":"http:\/\/www.idrr.fr\/WordPress\/?p=489"},"modified":"2018-03-08T12:47:17","modified_gmt":"2018-03-08T11:47:17","slug":"conference-le-changement-climatique-au-chevet-de-la-terre-depuis-le-ciel","status":"publish","type":"post","link":"https:\/\/www.idrr.fr\/WordPress\/2018\/03\/08\/conference-le-changement-climatique-au-chevet-de-la-terre-depuis-le-ciel\/","title":{"rendered":"Conf\u00e9rence \u00ab\u00a0Le changement climatique &#8211; Au chevet de la terre depuis le ciel\u00a0\u00bb"},"content":{"rendered":"<p>Dimanche 11 Mars \u00e0 11h au Caf\u00e9 Pl\u00f9m &#8211; Lautrec<\/p>\n<p>Cette conf\u00e9rence portera sur le changement climatique et cherchera \u00e0 mieux le comprendre. Notre position sur la Terre ne nous permet pas d\u2019avoir le recul suffisant pour juger de l\u2019\u00e9volution globale du climat. Les satellites sont de pr\u00e9cieux observateurs capables de couvrir rapidement la globalit\u00e9 de la Terre pour recueillir de nombreuses donn\u00e9es, donn\u00e9es essentielles pour les rapports du GIEC. Ce sont nos meilleurs alli\u00e9s pour faire face au changement climatique.<\/p>\n<p>Conf\u00e9rence anim\u00e9e par Domique Murat, Laurent Roger et Patrick Zemlianoy.<\/p>\n<p>Accessible \u00e0 tous, familles et enfants.<\/p>\n","protected":false},"excerpt":{"rendered":"<p>Dimanche 11 Mars \u00e0 11h au Caf\u00e9 Pl\u00f9m &#8211; Lautrec Cette conf\u00e9rence portera sur le changement climatique et cherchera \u00e0 mieux le comprendre. Notre position sur la Terre ne nous <a class=\"more-link\" href=\"https:\/\/www.idrr.fr\/WordPress\/2018\/03\/08\/conference-le-changement-climatique-au-chevet-de-la-terre-depuis-le-ciel\/\">lire la suite \u2192<\/a><\/p>\n","protected":false},"author":1,"featured_media":490,"comment_status":"closed","ping_status":"closed","sticky":false,"template":"","format":"standard","meta":[],"categories":[18],"tags":[],"yoast_head":"<!-- This site is optimized with the Yoast SEO plugin v20.0 - https:\/\/yoast.com\/wordpress\/plugins\/seo\/ -->\n<title>Conf\u00e9rence &quot;Le changement climatique - Au chevet de la terre depuis le ciel&quot; - IDRR<\/title>\n<meta name=\"robots\" content=\"index, follow, max-snippet:-1, max-image-preview:large, max-video-preview:-1\" \/>\n<link rel=\"canonical\" href=\"https:\/\/www.idrr.fr\/WordPress\/2018\/03\/08\/conference-le-changement-climatique-au-chevet-de-la-terre-depuis-le-ciel\/\" \/>\n<meta property=\"og:locale\" content=\"fr_FR\" \/>\n<meta property=\"og:type\" content=\"article\" \/>\n<meta property=\"og:title\" content=\"Conf\u00e9rence &quot;Le changement climatique - Au chevet de la terre depuis le ciel&quot; - IDRR\" \/>\n<meta property=\"og:description\" content=\"Dimanche 11 Mars \u00e0 11h au Caf\u00e9 Pl\u00f9m &#8211; Lautrec Cette conf\u00e9rence portera sur le changement climatique et cherchera \u00e0 mieux le comprendre. Notre position sur la Terre ne nous lire la suite \u2192\" \/>\n<meta property=\"og:url\" content=\"https:\/\/www.idrr.fr\/WordPress\/2018\/03\/08\/conference-le-changement-climatique-au-chevet-de-la-terre-depuis-le-ciel\/\" \/>\n<meta property=\"og:site_name\" content=\"IDRR\" \/>\n<meta property=\"article:published_time\" content=\"2018-03-08T11:42:57+00:00\" \/>\n<meta property=\"article:modified_time\" content=\"2018-03-08T11:47:17+00:00\" \/>\n<meta property=\"og:image\" content=\"https:\/\/www.idrr.fr\/WordPress\/wp-content\/uploads\/2018\/03\/unnamed.jpg\" \/>\n\t<meta property=\"og:image:width\" content=\"300\" \/>\n\t<meta property=\"og:image:height\" content=\"431\" \/>\n\t<meta property=\"og:image:type\" content=\"image\/jpeg\" \/>\n<meta name=\"author\" content=\"idrradmin\" \/>\n<meta name=\"twitter:card\" content=\"summary_large_image\" \/>\n<meta name=\"twitter:label1\" content=\"\u00c9crit par\" \/>\n\t<meta name=\"twitter:data1\" content=\"idrradmin\" \/>\n\t<meta name=\"twitter:label2\" content=\"Dur\u00e9e de lecture estim\u00e9e\" \/>\n\t<meta name=\"twitter:data2\" content=\"1 minute\" \/>\n<script type=\"application\/ld+json\" class=\"yoast-schema-graph\">{\"@context\":\"https:\/\/schema.org\",\"@graph\":[{\"@type\":\"Article\",\"@id\":\"https:\/\/www.idrr.fr\/WordPress\/2018\/03\/08\/conference-le-changement-climatique-au-chevet-de-la-terre-depuis-le-ciel\/#article\",\"isPartOf\":{\"@id\":\"https:\/\/www.idrr.fr\/WordPress\/2018\/03\/08\/conference-le-changement-climatique-au-chevet-de-la-terre-depuis-le-ciel\/\"},\"author\":{\"name\":\"idrradmin\",\"@id\":\"https:\/\/www.idrr.fr\/WordPress\/#\/schema\/person\/84f7f5d2a5b0f6a42bd0e9cec8b12aa7\"},\"headline\":\"Conf\u00e9rence \u00ab\u00a0Le changement climatique &#8211; Au chevet de la terre depuis le ciel\u00a0\u00bb\",\"datePublished\":\"2018-03-08T11:42:57+00:00\",\"dateModified\":\"2018-03-08T11:47:17+00:00\",\"mainEntityOfPage\":{\"@id\":\"https:\/\/www.idrr.fr\/WordPress\/2018\/03\/08\/conference-le-changement-climatique-au-chevet-de-la-terre-depuis-le-ciel\/\"},\"wordCount\":117,\"publisher\":{\"@id\":\"https:\/\/www.idrr.fr\/WordPress\/#organization\"},\"articleSection\":[\"r\u00e9seau\"],\"inLanguage\":\"fr-FR\"},{\"@type\":\"WebPage\",\"@id\":\"https:\/\/www.idrr.fr\/WordPress\/2018\/03\/08\/conference-le-changement-climatique-au-chevet-de-la-terre-depuis-le-ciel\/\",\"url\":\"https:\/\/www.idrr.fr\/WordPress\/2018\/03\/08\/conference-le-changement-climatique-au-chevet-de-la-terre-depuis-le-ciel\/\",\"name\":\"Conf\u00e9rence \\\"Le changement climatique - Au chevet de la terre depuis le ciel\\\" - IDRR\",\"isPartOf\":{\"@id\":\"https:\/\/www.idrr.fr\/WordPress\/#website\"},\"datePublished\":\"2018-03-08T11:42:57+00:00\",\"dateModified\":\"2018-03-08T11:47:17+00:00\",\"breadcrumb\":{\"@id\":\"https:\/\/www.idrr.fr\/WordPress\/2018\/03\/08\/conference-le-changement-climatique-au-chevet-de-la-terre-depuis-le-ciel\/#breadcrumb\"},\"inLanguage\":\"fr-FR\",\"potentialAction\":[{\"@type\":\"ReadAction\",\"target\":[\"https:\/\/www.idrr.fr\/WordPress\/2018\/03\/08\/conference-le-changement-climatique-au-chevet-de-la-terre-depuis-le-ciel\/\"]}]},{\"@type\":\"BreadcrumbList\",\"@id\":\"https:\/\/www.idrr.fr\/WordPress\/2018\/03\/08\/conference-le-changement-climatique-au-chevet-de-la-terre-depuis-le-ciel\/#breadcrumb\",\"itemListElement\":[{\"@type\":\"ListItem\",\"position\":1,\"name\":\"Accueil\",\"item\":\"https:\/\/www.idrr.fr\/WordPress\/\"},{\"@type\":\"ListItem\",\"position\":2,\"name\":\"Conf\u00e9rence \u00ab\u00a0Le changement climatique &#8211; Au chevet de la terre depuis le ciel\u00a0\u00bb\"}]},{\"@type\":\"WebSite\",\"@id\":\"https:\/\/www.idrr.fr\/WordPress\/#website\",\"url\":\"https:\/\/www.idrr.fr\/WordPress\/\",\"name\":\"IDRR\",\"description\":\"Institut de D\u00e9veloppement des Ressources Renouvelables\",\"publisher\":{\"@id\":\"https:\/\/www.idrr.fr\/WordPress\/#organization\"},\"potentialAction\":[{\"@type\":\"SearchAction\",\"target\":{\"@type\":\"EntryPoint\",\"urlTemplate\":\"https:\/\/www.idrr.fr\/WordPress\/?s={search_term_string}\"},\"query-input\":\"required name=search_term_string\"}],\"inLanguage\":\"fr-FR\"},{\"@type\":\"Organization\",\"@id\":\"https:\/\/www.idrr.fr\/WordPress\/#organization\",\"name\":\"IDRR\",\"url\":\"https:\/\/www.idrr.fr\/WordPress\/\",\"logo\":{\"@type\":\"ImageObject\",\"inLanguage\":\"fr-FR\",\"@id\":\"https:\/\/www.idrr.fr\/WordPress\/#\/schema\/logo\/image\/\",\"url\":\"https:\/\/www.idrr.fr\/WordPress\/wp-content\/uploads\/2016\/09\/Iconne-logo_02.png\",\"contentUrl\":\"https:\/\/www.idrr.fr\/WordPress\/wp-content\/uploads\/2016\/09\/Iconne-logo_02.png\",\"width\":89,\"height\":88,\"caption\":\"IDRR\"},\"image\":{\"@id\":\"https:\/\/www.idrr.fr\/WordPress\/#\/schema\/logo\/image\/\"}},{\"@type\":\"Person\",\"@id\":\"https:\/\/www.idrr.fr\/WordPress\/#\/schema\/person\/84f7f5d2a5b0f6a42bd0e9cec8b12aa7\",\"name\":\"idrradmin\",\"image\":{\"@type\":\"ImageObject\",\"inLanguage\":\"fr-FR\",\"@id\":\"https:\/\/www.idrr.fr\/WordPress\/#\/schema\/person\/image\/\",\"url\":\"https:\/\/secure.gravatar.com\/avatar\/9becda3e70ebfe57a6175f9ec5b4f514?s=96&d=mm&r=g\",\"contentUrl\":\"https:\/\/secure.gravatar.com\/avatar\/9becda3e70ebfe57a6175f9ec5b4f514?s=96&d=mm&r=g\",\"caption\":\"idrradmin\"},\"url\":\"https:\/\/www.idrr.fr\/WordPress\/author\/idrradmin\/\"}]}<\/script>\n<!-- \/ Yoast SEO plugin. -->","yoast_head_json":{"title":"Conf\u00e9rence \"Le changement climatique - Au chevet de la terre depuis le ciel\" - IDRR","robots":{"index":"index","follow":"follow","max-snippet":"max-snippet:-1","max-image-preview":"max-image-preview:large","max-video-preview":"max-video-preview:-1"},"canonical":"https:\/\/www.idrr.fr\/WordPress\/2018\/03\/08\/conference-le-changement-climatique-au-chevet-de-la-terre-depuis-le-ciel\/","og_locale":"fr_FR","og_type":"article","og_title":"Conf\u00e9rence \"Le changement climatique - Au chevet de la terre depuis le ciel\" - IDRR","og_description":"Dimanche 11 Mars \u00e0 11h au Caf\u00e9 Pl\u00f9m &#8211; Lautrec Cette conf\u00e9rence portera sur le changement climatique et cherchera \u00e0 mieux le comprendre. Notre position sur la Terre ne nous lire la suite \u2192","og_url":"https:\/\/www.idrr.fr\/WordPress\/2018\/03\/08\/conference-le-changement-climatique-au-chevet-de-la-terre-depuis-le-ciel\/","og_site_name":"IDRR","article_published_time":"2018-03-08T11:42:57+00:00","article_modified_time":"2018-03-08T11:47:17+00:00","og_image":[{"width":300,"height":431,"url":"https:\/\/www.idrr.fr\/WordPress\/wp-content\/uploads\/2018\/03\/unnamed.jpg","type":"image\/jpeg"}],"author":"idrradmin","twitter_card":"summary_large_image","twitter_misc":{"\u00c9crit par":"idrradmin","Dur\u00e9e de lecture estim\u00e9e":"1 minute"},"schema":{"@context":"https:\/\/schema.org","@graph":[{"@type":"Article","@id":"https:\/\/www.idrr.fr\/WordPress\/2018\/03\/08\/conference-le-changement-climatique-au-chevet-de-la-terre-depuis-le-ciel\/#article","isPartOf":{"@id":"https:\/\/www.idrr.fr\/WordPress\/2018\/03\/08\/conference-le-changement-climatique-au-chevet-de-la-terre-depuis-le-ciel\/"},"author":{"name":"idrradmin","@id":"https:\/\/www.idrr.fr\/WordPress\/#\/schema\/person\/84f7f5d2a5b0f6a42bd0e9cec8b12aa7"},"headline":"Conf\u00e9rence \u00ab\u00a0Le changement climatique &#8211; Au chevet de la terre depuis le ciel\u00a0\u00bb","datePublished":"2018-03-08T11:42:57+00:00","dateModified":"2018-03-08T11:47:17+00:00","mainEntityOfPage":{"@id":"https:\/\/www.idrr.fr\/WordPress\/2018\/03\/08\/conference-le-changement-climatique-au-chevet-de-la-terre-depuis-le-ciel\/"},"wordCount":117,"publisher":{"@id":"https:\/\/www.idrr.fr\/WordPress\/#organization"},"articleSection":["r\u00e9seau"],"inLanguage":"fr-FR"},{"@type":"WebPage","@id":"https:\/\/www.idrr.fr\/WordPress\/2018\/03\/08\/conference-le-changement-climatique-au-chevet-de-la-terre-depuis-le-ciel\/","url":"https:\/\/www.idrr.fr\/WordPress\/2018\/03\/08\/conference-le-changement-climatique-au-chevet-de-la-terre-depuis-le-ciel\/","name":"Conf\u00e9rence \"Le changement climatique - Au chevet de la terre depuis le ciel\" - IDRR","isPartOf":{"@id":"https:\/\/www.idrr.fr\/WordPress\/#website"},"datePublished":"2018-03-08T11:42:57+00:00","dateModified":"2018-03-08T11:47:17+00:00","breadcrumb":{"@id":"https:\/\/www.idrr.fr\/WordPress\/2018\/03\/08\/conference-le-changement-climatique-au-chevet-de-la-terre-depuis-le-ciel\/#breadcrumb"},"inLanguage":"fr-FR","potentialAction":[{"@type":"ReadAction","target":["https:\/\/www.idrr.fr\/WordPress\/2018\/03\/08\/conference-le-changement-climatique-au-chevet-de-la-terre-depuis-le-ciel\/"]}]},{"@type":"BreadcrumbList","@id":"https:\/\/www.idrr.fr\/WordPress\/2018\/03\/08\/conference-le-changement-climatique-au-chevet-de-la-terre-depuis-le-ciel\/#breadcrumb","itemListElement":[{"@type":"ListItem","position":1,"name":"Accueil","item":"https:\/\/www.idrr.fr\/WordPress\/"},{"@type":"ListItem","position":2,"name":"Conf\u00e9rence \u00ab\u00a0Le changement climatique &#8211; Au chevet de la terre depuis le ciel\u00a0\u00bb"}]},{"@type":"WebSite","@id":"https:\/\/www.idrr.fr\/WordPress\/#website","url":"https:\/\/www.idrr.fr\/WordPress\/","name":"IDRR","description":"Institut de D\u00e9veloppement des Ressources Renouvelables","publisher":{"@id":"https:\/\/www.idrr.fr\/WordPress\/#organization"},"potentialAction":[{"@type":"SearchAction","target":{"@type":"EntryPoint","urlTemplate":"https:\/\/www.idrr.fr\/WordPress\/?s={search_term_string}"},"query-input":"required name=search_term_string"}],"inLanguage":"fr-FR"},{"@type":"Organization","@id":"https:\/\/www.idrr.fr\/WordPress\/#organization","name":"IDRR","url":"https:\/\/www.idrr.fr\/WordPress\/","logo":{"@type":"ImageObject","inLanguage":"fr-FR","@id":"https:\/\/www.idrr.fr\/WordPress\/#\/schema\/logo\/image\/","url":"https:\/\/www.idrr.fr\/WordPress\/wp-content\/uploads\/2016\/09\/Iconne-logo_02.png","contentUrl":"https:\/\/www.idrr.fr\/WordPress\/wp-content\/uploads\/2016\/09\/Iconne-logo_02.png","width":89,"height":88,"caption":"IDRR"},"image":{"@id":"https:\/\/www.idrr.fr\/WordPress\/#\/schema\/logo\/image\/"}},{"@type":"Person","@id":"https:\/\/www.idrr.fr\/WordPress\/#\/schema\/person\/84f7f5d2a5b0f6a42bd0e9cec8b12aa7","name":"idrradmin","image":{"@type":"ImageObject","inLanguage":"fr-FR","@id":"https:\/\/www.idrr.fr\/WordPress\/#\/schema\/person\/image\/","url":"https:\/\/secure.gravatar.com\/avatar\/9becda3e70ebfe57a6175f9ec5b4f514?s=96&d=mm&r=g","contentUrl":"https:\/\/secure.gravatar.com\/avatar\/9becda3e70ebfe57a6175f9ec5b4f514?s=96&d=mm&r=g","caption":"idrradmin"},"url":"https:\/\/www.idrr.fr\/WordPress\/author\/idrradmin\/"}]}},"_links":{"self":[{"href":"https:\/\/www.idrr.fr\/WordPress\/wp-json\/wp\/v2\/posts\/489"}],"collection":[{"href":"https:\/\/www.idrr.fr\/WordPress\/wp-json\/wp\/v2\/posts"}],"about":[{"href":"https:\/\/www.idrr.fr\/WordPress\/wp-json\/wp\/v2\/types\/post"}],"author":[{"embeddable":true,"href":"https:\/\/www.idrr.fr\/WordPress\/wp-json\/wp\/v2\/users\/1"}],"replies":[{"embeddable":true,"href":"https:\/\/www.idrr.fr\/WordPress\/wp-json\/wp\/v2\/comments?post=489"}],"version-history":[{"count":1,"href":"https:\/\/www.idrr.fr\/WordPress\/wp-json\/wp\/v2\/posts\/489\/revisions"}],"predecessor-version":[{"id":491,"href":"https:\/\/www.idrr.fr\/WordPress\/wp-json\/wp\/v2\/posts\/489\/revisions\/491"}],"wp:featuredmedia":[{"embeddable":true,"href":"https:\/\/www.idrr.fr\/WordPress\/wp-json\/wp\/v2\/media\/490"}],"wp:attachment":[{"href":"https:\/\/www.idrr.fr\/WordPress\/wp-json\/wp\/v2\/media?parent=489"}],"wp:term":[{"taxonomy":"category","embeddable":true,"href":"https:\/\/www.idrr.fr\/WordPress\/wp-json\/wp\/v2\/categories?post=489"},{"taxonomy":"post_tag","embeddable":true,"href":"https:\/\/www.idrr.fr\/WordPress\/wp-json\/wp\/v2\/tags?post=489"}],"curies":[{"name":"wp","href":"https:\/\/api.w.org\/{rel}","templated":true}]}}