{"id":379,"date":"2017-10-12T14:38:12","date_gmt":"2017-10-12T12:38:12","guid":{"rendered":"http:\/\/www.idrr.fr\/WordPress\/?p=379"},"modified":"2017-10-12T14:38:12","modified_gmt":"2017-10-12T12:38:12","slug":"parc-eolien-de-cuq-servies-fete-de-science-tarn-2017","status":"publish","type":"post","link":"https:\/\/www.idrr.fr\/WordPress\/2017\/10\/12\/parc-eolien-de-cuq-servies-fete-de-science-tarn-2017\/","title":{"rendered":"Parc \u00e9olien de Cuq Servi\u00e8s &#8211; F\u00eate de la Science Tarn 2017"},"content":{"rendered":"<p>Nous entendons beaucoup de choses sur les \u00e9oliennes, mais en avez-vous vu de pr\u00e8s? Cette ann\u00e9e encore nous vous invitons \u00e0 une d\u00e9couverte des \u00e9oliennes, de leur fonctionnement et de ce qu&rsquo;est le vent.<br \/>\nLes d\u00e9parts des visites se feront \u00e0 la maison de pays de la communaut\u00e9 des communes du Lautr\u00e9\u00e7ois Pays d&rsquo;Agout et aux horaires suivants:<br \/>\n9h30 &#8211; 11h &#8211; 13h30 &#8211; 15h &#8211; 16h30<\/p>\n<p>Nous tenons \u00e0 pr\u00e9ciser qu&rsquo;il ne sera pas possible d&rsquo;entrer dans une \u00e9olienne car ce sont des machines priv\u00e9es, tr\u00e8s couteuses et o\u00f9 la s\u00e9curit\u00e9 ne peut \u00eatre garantie. Mais nous pourrons vous expliquer ce qu&rsquo;il y a \u00e0 l&rsquo;int\u00e9rieur et vous ne raterez rien.<\/p>\n","protected":false},"excerpt":{"rendered":"<p>Nous entendons beaucoup de choses sur les \u00e9oliennes, mais en avez-vous vu de pr\u00e8s? Cette ann\u00e9e encore nous vous invitons \u00e0 une d\u00e9couverte des \u00e9oliennes, de leur fonctionnement et de <a class=\"more-link\" href=\"https:\/\/www.idrr.fr\/WordPress\/2017\/10\/12\/parc-eolien-de-cuq-servies-fete-de-science-tarn-2017\/\">lire la suite \u2192<\/a><\/p>\n","protected":false},"author":1,"featured_media":365,"comment_status":"closed","ping_status":"closed","sticky":false,"template":"","format":"standard","meta":[],"categories":[8],"tags":[],"yoast_head":"<!-- This site is optimized with the Yoast SEO plugin v20.0 - https:\/\/yoast.com\/wordpress\/plugins\/seo\/ -->\n<title>Parc \u00e9olien de Cuq Servi\u00e8s - F\u00eate de la Science Tarn 2017 - IDRR<\/title>\n<meta name=\"robots\" content=\"index, follow, max-snippet:-1, max-image-preview:large, max-video-preview:-1\" \/>\n<link rel=\"canonical\" href=\"https:\/\/www.idrr.fr\/WordPress\/2017\/10\/12\/parc-eolien-de-cuq-servies-fete-de-science-tarn-2017\/\" \/>\n<meta property=\"og:locale\" content=\"fr_FR\" \/>\n<meta property=\"og:type\" content=\"article\" \/>\n<meta property=\"og:title\" content=\"Parc \u00e9olien de Cuq Servi\u00e8s - F\u00eate de la Science Tarn 2017 - IDRR\" \/>\n<meta property=\"og:description\" content=\"Nous entendons beaucoup de choses sur les \u00e9oliennes, mais en avez-vous vu de pr\u00e8s? Cette ann\u00e9e encore nous vous invitons \u00e0 une d\u00e9couverte des \u00e9oliennes, de leur fonctionnement et de lire la suite \u2192\" \/>\n<meta property=\"og:url\" content=\"https:\/\/www.idrr.fr\/WordPress\/2017\/10\/12\/parc-eolien-de-cuq-servies-fete-de-science-tarn-2017\/\" \/>\n<meta property=\"og:site_name\" content=\"IDRR\" \/>\n<meta property=\"article:published_time\" content=\"2017-10-12T12:38:12+00:00\" \/>\n<meta property=\"og:image\" content=\"https:\/\/www.idrr.fr\/WordPress\/wp-content\/uploads\/2017\/10\/Tarn-A3-2017-bis-01-731x1024.jpg\" \/>\n\t<meta property=\"og:image:width\" content=\"731\" \/>\n\t<meta property=\"og:image:height\" content=\"1024\" \/>\n\t<meta property=\"og:image:type\" content=\"image\/jpeg\" \/>\n<meta name=\"author\" content=\"idrradmin\" \/>\n<meta name=\"twitter:card\" content=\"summary_large_image\" \/>\n<meta name=\"twitter:label1\" content=\"\u00c9crit par\" \/>\n\t<meta name=\"twitter:data1\" content=\"idrradmin\" \/>\n\t<meta name=\"twitter:label2\" content=\"Dur\u00e9e de lecture estim\u00e9e\" \/>\n\t<meta name=\"twitter:data2\" content=\"1 minute\" \/>\n<script type=\"application\/ld+json\" class=\"yoast-schema-graph\">{\"@context\":\"https:\/\/schema.org\",\"@graph\":[{\"@type\":\"Article\",\"@id\":\"https:\/\/www.idrr.fr\/WordPress\/2017\/10\/12\/parc-eolien-de-cuq-servies-fete-de-science-tarn-2017\/#article\",\"isPartOf\":{\"@id\":\"https:\/\/www.idrr.fr\/WordPress\/2017\/10\/12\/parc-eolien-de-cuq-servies-fete-de-science-tarn-2017\/\"},\"author\":{\"name\":\"idrradmin\",\"@id\":\"https:\/\/www.idrr.fr\/WordPress\/#\/schema\/person\/84f7f5d2a5b0f6a42bd0e9cec8b12aa7\"},\"headline\":\"Parc \u00e9olien de Cuq Servi\u00e8s &#8211; F\u00eate de la Science Tarn 2017\",\"datePublished\":\"2017-10-12T12:38:12+00:00\",\"dateModified\":\"2017-10-12T12:38:12+00:00\",\"mainEntityOfPage\":{\"@id\":\"https:\/\/www.idrr.fr\/WordPress\/2017\/10\/12\/parc-eolien-de-cuq-servies-fete-de-science-tarn-2017\/\"},\"wordCount\":137,\"publisher\":{\"@id\":\"https:\/\/www.idrr.fr\/WordPress\/#organization\"},\"articleSection\":[\"F\u00eate de la science\"],\"inLanguage\":\"fr-FR\"},{\"@type\":\"WebPage\",\"@id\":\"https:\/\/www.idrr.fr\/WordPress\/2017\/10\/12\/parc-eolien-de-cuq-servies-fete-de-science-tarn-2017\/\",\"url\":\"https:\/\/www.idrr.fr\/WordPress\/2017\/10\/12\/parc-eolien-de-cuq-servies-fete-de-science-tarn-2017\/\",\"name\":\"Parc \u00e9olien de Cuq Servi\u00e8s - F\u00eate de la Science Tarn 2017 - IDRR\",\"isPartOf\":{\"@id\":\"https:\/\/www.idrr.fr\/WordPress\/#website\"},\"datePublished\":\"2017-10-12T12:38:12+00:00\",\"dateModified\":\"2017-10-12T12:38:12+00:00\",\"breadcrumb\":{\"@id\":\"https:\/\/www.idrr.fr\/WordPress\/2017\/10\/12\/parc-eolien-de-cuq-servies-fete-de-science-tarn-2017\/#breadcrumb\"},\"inLanguage\":\"fr-FR\",\"potentialAction\":[{\"@type\":\"ReadAction\",\"target\":[\"https:\/\/www.idrr.fr\/WordPress\/2017\/10\/12\/parc-eolien-de-cuq-servies-fete-de-science-tarn-2017\/\"]}]},{\"@type\":\"BreadcrumbList\",\"@id\":\"https:\/\/www.idrr.fr\/WordPress\/2017\/10\/12\/parc-eolien-de-cuq-servies-fete-de-science-tarn-2017\/#breadcrumb\",\"itemListElement\":[{\"@type\":\"ListItem\",\"position\":1,\"name\":\"Accueil\",\"item\":\"https:\/\/www.idrr.fr\/WordPress\/\"},{\"@type\":\"ListItem\",\"position\":2,\"name\":\"Parc \u00e9olien de Cuq Servi\u00e8s &#8211; F\u00eate de la Science Tarn 2017\"}]},{\"@type\":\"WebSite\",\"@id\":\"https:\/\/www.idrr.fr\/WordPress\/#website\",\"url\":\"https:\/\/www.idrr.fr\/WordPress\/\",\"name\":\"IDRR\",\"description\":\"Institut de D\u00e9veloppement des Ressources Renouvelables\",\"publisher\":{\"@id\":\"https:\/\/www.idrr.fr\/WordPress\/#organization\"},\"potentialAction\":[{\"@type\":\"SearchAction\",\"target\":{\"@type\":\"EntryPoint\",\"urlTemplate\":\"https:\/\/www.idrr.fr\/WordPress\/?s={search_term_string}\"},\"query-input\":\"required name=search_term_string\"}],\"inLanguage\":\"fr-FR\"},{\"@type\":\"Organization\",\"@id\":\"https:\/\/www.idrr.fr\/WordPress\/#organization\",\"name\":\"IDRR\",\"url\":\"https:\/\/www.idrr.fr\/WordPress\/\",\"logo\":{\"@type\":\"ImageObject\",\"inLanguage\":\"fr-FR\",\"@id\":\"https:\/\/www.idrr.fr\/WordPress\/#\/schema\/logo\/image\/\",\"url\":\"https:\/\/www.idrr.fr\/WordPress\/wp-content\/uploads\/2016\/09\/Iconne-logo_02.png\",\"contentUrl\":\"https:\/\/www.idrr.fr\/WordPress\/wp-content\/uploads\/2016\/09\/Iconne-logo_02.png\",\"width\":89,\"height\":88,\"caption\":\"IDRR\"},\"image\":{\"@id\":\"https:\/\/www.idrr.fr\/WordPress\/#\/schema\/logo\/image\/\"}},{\"@type\":\"Person\",\"@id\":\"https:\/\/www.idrr.fr\/WordPress\/#\/schema\/person\/84f7f5d2a5b0f6a42bd0e9cec8b12aa7\",\"name\":\"idrradmin\",\"image\":{\"@type\":\"ImageObject\",\"inLanguage\":\"fr-FR\",\"@id\":\"https:\/\/www.idrr.fr\/WordPress\/#\/schema\/person\/image\/\",\"url\":\"https:\/\/secure.gravatar.com\/avatar\/9becda3e70ebfe57a6175f9ec5b4f514?s=96&d=mm&r=g\",\"contentUrl\":\"https:\/\/secure.gravatar.com\/avatar\/9becda3e70ebfe57a6175f9ec5b4f514?s=96&d=mm&r=g\",\"caption\":\"idrradmin\"},\"url\":\"https:\/\/www.idrr.fr\/WordPress\/author\/idrradmin\/\"}]}<\/script>\n<!-- \/ Yoast SEO plugin. -->","yoast_head_json":{"title":"Parc \u00e9olien de Cuq Servi\u00e8s - F\u00eate de la Science Tarn 2017 - IDRR","robots":{"index":"index","follow":"follow","max-snippet":"max-snippet:-1","max-image-preview":"max-image-preview:large","max-video-preview":"max-video-preview:-1"},"canonical":"https:\/\/www.idrr.fr\/WordPress\/2017\/10\/12\/parc-eolien-de-cuq-servies-fete-de-science-tarn-2017\/","og_locale":"fr_FR","og_type":"article","og_title":"Parc \u00e9olien de Cuq Servi\u00e8s - F\u00eate de la Science Tarn 2017 - IDRR","og_description":"Nous entendons beaucoup de choses sur les \u00e9oliennes, mais en avez-vous vu de pr\u00e8s? Cette ann\u00e9e encore nous vous invitons \u00e0 une d\u00e9couverte des \u00e9oliennes, de leur fonctionnement et de lire la suite \u2192","og_url":"https:\/\/www.idrr.fr\/WordPress\/2017\/10\/12\/parc-eolien-de-cuq-servies-fete-de-science-tarn-2017\/","og_site_name":"IDRR","article_published_time":"2017-10-12T12:38:12+00:00","og_image":[{"width":731,"height":1024,"url":"https:\/\/www.idrr.fr\/WordPress\/wp-content\/uploads\/2017\/10\/Tarn-A3-2017-bis-01-731x1024.jpg","type":"image\/jpeg"}],"author":"idrradmin","twitter_card":"summary_large_image","twitter_misc":{"\u00c9crit par":"idrradmin","Dur\u00e9e de lecture estim\u00e9e":"1 minute"},"schema":{"@context":"https:\/\/schema.org","@graph":[{"@type":"Article","@id":"https:\/\/www.idrr.fr\/WordPress\/2017\/10\/12\/parc-eolien-de-cuq-servies-fete-de-science-tarn-2017\/#article","isPartOf":{"@id":"https:\/\/www.idrr.fr\/WordPress\/2017\/10\/12\/parc-eolien-de-cuq-servies-fete-de-science-tarn-2017\/"},"author":{"name":"idrradmin","@id":"https:\/\/www.idrr.fr\/WordPress\/#\/schema\/person\/84f7f5d2a5b0f6a42bd0e9cec8b12aa7"},"headline":"Parc \u00e9olien de Cuq Servi\u00e8s &#8211; F\u00eate de la Science Tarn 2017","datePublished":"2017-10-12T12:38:12+00:00","dateModified":"2017-10-12T12:38:12+00:00","mainEntityOfPage":{"@id":"https:\/\/www.idrr.fr\/WordPress\/2017\/10\/12\/parc-eolien-de-cuq-servies-fete-de-science-tarn-2017\/"},"wordCount":137,"publisher":{"@id":"https:\/\/www.idrr.fr\/WordPress\/#organization"},"articleSection":["F\u00eate de la science"],"inLanguage":"fr-FR"},{"@type":"WebPage","@id":"https:\/\/www.idrr.fr\/WordPress\/2017\/10\/12\/parc-eolien-de-cuq-servies-fete-de-science-tarn-2017\/","url":"https:\/\/www.idrr.fr\/WordPress\/2017\/10\/12\/parc-eolien-de-cuq-servies-fete-de-science-tarn-2017\/","name":"Parc \u00e9olien de Cuq Servi\u00e8s - F\u00eate de la Science Tarn 2017 - IDRR","isPartOf":{"@id":"https:\/\/www.idrr.fr\/WordPress\/#website"},"datePublished":"2017-10-12T12:38:12+00:00","dateModified":"2017-10-12T12:38:12+00:00","breadcrumb":{"@id":"https:\/\/www.idrr.fr\/WordPress\/2017\/10\/12\/parc-eolien-de-cuq-servies-fete-de-science-tarn-2017\/#breadcrumb"},"inLanguage":"fr-FR","potentialAction":[{"@type":"ReadAction","target":["https:\/\/www.idrr.fr\/WordPress\/2017\/10\/12\/parc-eolien-de-cuq-servies-fete-de-science-tarn-2017\/"]}]},{"@type":"BreadcrumbList","@id":"https:\/\/www.idrr.fr\/WordPress\/2017\/10\/12\/parc-eolien-de-cuq-servies-fete-de-science-tarn-2017\/#breadcrumb","itemListElement":[{"@type":"ListItem","position":1,"name":"Accueil","item":"https:\/\/www.idrr.fr\/WordPress\/"},{"@type":"ListItem","position":2,"name":"Parc \u00e9olien de Cuq Servi\u00e8s &#8211; F\u00eate de la Science Tarn 2017"}]},{"@type":"WebSite","@id":"https:\/\/www.idrr.fr\/WordPress\/#website","url":"https:\/\/www.idrr.fr\/WordPress\/","name":"IDRR","description":"Institut de D\u00e9veloppement des Ressources Renouvelables","publisher":{"@id":"https:\/\/www.idrr.fr\/WordPress\/#organization"},"potentialAction":[{"@type":"SearchAction","target":{"@type":"EntryPoint","urlTemplate":"https:\/\/www.idrr.fr\/WordPress\/?s={search_term_string}"},"query-input":"required name=search_term_string"}],"inLanguage":"fr-FR"},{"@type":"Organization","@id":"https:\/\/www.idrr.fr\/WordPress\/#organization","name":"IDRR","url":"https:\/\/www.idrr.fr\/WordPress\/","logo":{"@type":"ImageObject","inLanguage":"fr-FR","@id":"https:\/\/www.idrr.fr\/WordPress\/#\/schema\/logo\/image\/","url":"https:\/\/www.idrr.fr\/WordPress\/wp-content\/uploads\/2016\/09\/Iconne-logo_02.png","contentUrl":"https:\/\/www.idrr.fr\/WordPress\/wp-content\/uploads\/2016\/09\/Iconne-logo_02.png","width":89,"height":88,"caption":"IDRR"},"image":{"@id":"https:\/\/www.idrr.fr\/WordPress\/#\/schema\/logo\/image\/"}},{"@type":"Person","@id":"https:\/\/www.idrr.fr\/WordPress\/#\/schema\/person\/84f7f5d2a5b0f6a42bd0e9cec8b12aa7","name":"idrradmin","image":{"@type":"ImageObject","inLanguage":"fr-FR","@id":"https:\/\/www.idrr.fr\/WordPress\/#\/schema\/person\/image\/","url":"https:\/\/secure.gravatar.com\/avatar\/9becda3e70ebfe57a6175f9ec5b4f514?s=96&d=mm&r=g","contentUrl":"https:\/\/secure.gravatar.com\/avatar\/9becda3e70ebfe57a6175f9ec5b4f514?s=96&d=mm&r=g","caption":"idrradmin"},"url":"https:\/\/www.idrr.fr\/WordPress\/author\/idrradmin\/"}]}},"_links":{"self":[{"href":"https:\/\/www.idrr.fr\/WordPress\/wp-json\/wp\/v2\/posts\/379"}],"collection":[{"href":"https:\/\/www.idrr.fr\/WordPress\/wp-json\/wp\/v2\/posts"}],"about":[{"href":"https:\/\/www.idrr.fr\/WordPress\/wp-json\/wp\/v2\/types\/post"}],"author":[{"embeddable":true,"href":"https:\/\/www.idrr.fr\/WordPress\/wp-json\/wp\/v2\/users\/1"}],"replies":[{"embeddable":true,"href":"https:\/\/www.idrr.fr\/WordPress\/wp-json\/wp\/v2\/comments?post=379"}],"version-history":[{"count":1,"href":"https:\/\/www.idrr.fr\/WordPress\/wp-json\/wp\/v2\/posts\/379\/revisions"}],"predecessor-version":[{"id":380,"href":"https:\/\/www.idrr.fr\/WordPress\/wp-json\/wp\/v2\/posts\/379\/revisions\/380"}],"wp:featuredmedia":[{"embeddable":true,"href":"https:\/\/www.idrr.fr\/WordPress\/wp-json\/wp\/v2\/media\/365"}],"wp:attachment":[{"href":"https:\/\/www.idrr.fr\/WordPress\/wp-json\/wp\/v2\/media?parent=379"}],"wp:term":[{"taxonomy":"category","embeddable":true,"href":"https:\/\/www.idrr.fr\/WordPress\/wp-json\/wp\/v2\/categories?post=379"},{"taxonomy":"post_tag","embeddable":true,"href":"https:\/\/www.idrr.fr\/WordPress\/wp-json\/wp\/v2\/tags?post=379"}],"curies":[{"name":"wp","href":"https:\/\/api.w.org\/{rel}","templated":true}]}}