{"id":356,"date":"2017-09-25T14:12:18","date_gmt":"2017-09-25T12:12:18","guid":{"rendered":"http:\/\/www.idrr.fr\/WordPress\/?p=356"},"modified":"2017-10-12T14:29:32","modified_gmt":"2017-10-12T12:29:32","slug":"ressources-renouvelables-developpement-local","status":"publish","type":"post","link":"https:\/\/www.idrr.fr\/WordPress\/2017\/09\/25\/ressources-renouvelables-developpement-local\/","title":{"rendered":"Les Ressources Renouvelables et le D\u00e9veloppement Local"},"content":{"rendered":"<p>Le 8 Septembre \u00e0 CAMBOUNES (81260), St\u00e9phane GUILLON , m\u00e9diateur scientifique \u00e0 l&rsquo;IDRR, animera un d\u00e9bat sur le th\u00e8me \u00ab\u00a0Les Resources Renouvelables \u00a0et le d\u00e9veloppement Local\u00a0\u00bb.<\/p>\n<p>Ce d\u00e9bat aura lieu de 17h \u00e0 19h \u00e0 la salle polyvalente. Il sera pr\u00e9c\u00e9d\u00e9 de la projection du documentaire \u00ab\u00a0En Qu\u00eate de l&rsquo;Energie Durable\u00a0\u00bb, concernant \u00a0diverses r\u00e9alisations, principalement en France.<\/p>\n<p>Une part importante sera donn\u00e9e aux t\u00e9moignages locaux, avec la participation du Maire et d&rsquo;un repr\u00e9sentant du territoire <a href=\"http:\/\/www.idrr.fr\/WordPress\/wp-content\/uploads\/2017\/09\/CAMBOUNES_06_HD-2-1.jpg\">.<\/a><\/p>\n","protected":false},"excerpt":{"rendered":"<p>Le 8 Septembre \u00e0 CAMBOUNES (81260), St\u00e9phane GUILLON , m\u00e9diateur scientifique \u00e0 l&rsquo;IDRR, animera un d\u00e9bat sur le th\u00e8me \u00ab\u00a0Les Resources Renouvelables \u00a0et le d\u00e9veloppement Local\u00a0\u00bb. Ce d\u00e9bat aura lieu <a class=\"more-link\" href=\"https:\/\/www.idrr.fr\/WordPress\/2017\/09\/25\/ressources-renouvelables-developpement-local\/\">lire la suite \u2192<\/a><\/p>\n","protected":false},"author":1,"featured_media":358,"comment_status":"closed","ping_status":"closed","sticky":false,"template":"","format":"standard","meta":[],"categories":[7],"tags":[],"yoast_head":"<!-- This site is optimized with the Yoast SEO plugin v20.0 - https:\/\/yoast.com\/wordpress\/plugins\/seo\/ -->\n<title>Les Ressources Renouvelables et le D\u00e9veloppement Local - IDRR<\/title>\n<meta name=\"robots\" content=\"index, follow, max-snippet:-1, max-image-preview:large, max-video-preview:-1\" \/>\n<link rel=\"canonical\" href=\"https:\/\/www.idrr.fr\/WordPress\/2017\/09\/25\/ressources-renouvelables-developpement-local\/\" \/>\n<meta property=\"og:locale\" content=\"fr_FR\" \/>\n<meta property=\"og:type\" content=\"article\" \/>\n<meta property=\"og:title\" content=\"Les Ressources Renouvelables et le D\u00e9veloppement Local - IDRR\" \/>\n<meta property=\"og:description\" content=\"Le 8 Septembre \u00e0 CAMBOUNES (81260), St\u00e9phane GUILLON , m\u00e9diateur scientifique \u00e0 l&rsquo;IDRR, animera un d\u00e9bat sur le th\u00e8me \u00ab\u00a0Les Resources Renouvelables \u00a0et le d\u00e9veloppement Local\u00a0\u00bb. Ce d\u00e9bat aura lieu lire la suite \u2192\" \/>\n<meta property=\"og:url\" content=\"https:\/\/www.idrr.fr\/WordPress\/2017\/09\/25\/ressources-renouvelables-developpement-local\/\" \/>\n<meta property=\"og:site_name\" content=\"IDRR\" \/>\n<meta property=\"article:published_time\" content=\"2017-09-25T12:12:18+00:00\" \/>\n<meta property=\"article:modified_time\" content=\"2017-10-12T12:29:32+00:00\" \/>\n<meta property=\"og:image\" content=\"https:\/\/www.idrr.fr\/WordPress\/wp-content\/uploads\/2017\/09\/CAMBOUNES_06_HD-2-1-e1507811552797.jpg\" \/>\n\t<meta property=\"og:image:width\" content=\"1000\" \/>\n\t<meta property=\"og:image:height\" content=\"1419\" \/>\n\t<meta property=\"og:image:type\" content=\"image\/jpeg\" \/>\n<meta name=\"author\" content=\"idrradmin\" \/>\n<meta name=\"twitter:card\" content=\"summary_large_image\" \/>\n<meta name=\"twitter:label1\" content=\"\u00c9crit par\" \/>\n\t<meta name=\"twitter:data1\" content=\"idrradmin\" \/>\n<script type=\"application\/ld+json\" class=\"yoast-schema-graph\">{\"@context\":\"https:\/\/schema.org\",\"@graph\":[{\"@type\":\"Article\",\"@id\":\"https:\/\/www.idrr.fr\/WordPress\/2017\/09\/25\/ressources-renouvelables-developpement-local\/#article\",\"isPartOf\":{\"@id\":\"https:\/\/www.idrr.fr\/WordPress\/2017\/09\/25\/ressources-renouvelables-developpement-local\/\"},\"author\":{\"name\":\"idrradmin\",\"@id\":\"https:\/\/www.idrr.fr\/WordPress\/#\/schema\/person\/84f7f5d2a5b0f6a42bd0e9cec8b12aa7\"},\"headline\":\"Les Ressources Renouvelables et le D\u00e9veloppement Local\",\"datePublished\":\"2017-09-25T12:12:18+00:00\",\"dateModified\":\"2017-10-12T12:29:32+00:00\",\"mainEntityOfPage\":{\"@id\":\"https:\/\/www.idrr.fr\/WordPress\/2017\/09\/25\/ressources-renouvelables-developpement-local\/\"},\"wordCount\":92,\"publisher\":{\"@id\":\"https:\/\/www.idrr.fr\/WordPress\/#organization\"},\"articleSection\":[\"Communication\"],\"inLanguage\":\"fr-FR\"},{\"@type\":\"WebPage\",\"@id\":\"https:\/\/www.idrr.fr\/WordPress\/2017\/09\/25\/ressources-renouvelables-developpement-local\/\",\"url\":\"https:\/\/www.idrr.fr\/WordPress\/2017\/09\/25\/ressources-renouvelables-developpement-local\/\",\"name\":\"Les Ressources Renouvelables et le D\u00e9veloppement Local - IDRR\",\"isPartOf\":{\"@id\":\"https:\/\/www.idrr.fr\/WordPress\/#website\"},\"datePublished\":\"2017-09-25T12:12:18+00:00\",\"dateModified\":\"2017-10-12T12:29:32+00:00\",\"breadcrumb\":{\"@id\":\"https:\/\/www.idrr.fr\/WordPress\/2017\/09\/25\/ressources-renouvelables-developpement-local\/#breadcrumb\"},\"inLanguage\":\"fr-FR\",\"potentialAction\":[{\"@type\":\"ReadAction\",\"target\":[\"https:\/\/www.idrr.fr\/WordPress\/2017\/09\/25\/ressources-renouvelables-developpement-local\/\"]}]},{\"@type\":\"BreadcrumbList\",\"@id\":\"https:\/\/www.idrr.fr\/WordPress\/2017\/09\/25\/ressources-renouvelables-developpement-local\/#breadcrumb\",\"itemListElement\":[{\"@type\":\"ListItem\",\"position\":1,\"name\":\"Accueil\",\"item\":\"https:\/\/www.idrr.fr\/WordPress\/\"},{\"@type\":\"ListItem\",\"position\":2,\"name\":\"Les Ressources Renouvelables et le D\u00e9veloppement Local\"}]},{\"@type\":\"WebSite\",\"@id\":\"https:\/\/www.idrr.fr\/WordPress\/#website\",\"url\":\"https:\/\/www.idrr.fr\/WordPress\/\",\"name\":\"IDRR\",\"description\":\"Institut de D\u00e9veloppement des Ressources Renouvelables\",\"publisher\":{\"@id\":\"https:\/\/www.idrr.fr\/WordPress\/#organization\"},\"potentialAction\":[{\"@type\":\"SearchAction\",\"target\":{\"@type\":\"EntryPoint\",\"urlTemplate\":\"https:\/\/www.idrr.fr\/WordPress\/?s={search_term_string}\"},\"query-input\":\"required name=search_term_string\"}],\"inLanguage\":\"fr-FR\"},{\"@type\":\"Organization\",\"@id\":\"https:\/\/www.idrr.fr\/WordPress\/#organization\",\"name\":\"IDRR\",\"url\":\"https:\/\/www.idrr.fr\/WordPress\/\",\"logo\":{\"@type\":\"ImageObject\",\"inLanguage\":\"fr-FR\",\"@id\":\"https:\/\/www.idrr.fr\/WordPress\/#\/schema\/logo\/image\/\",\"url\":\"https:\/\/www.idrr.fr\/WordPress\/wp-content\/uploads\/2016\/09\/Iconne-logo_02.png\",\"contentUrl\":\"https:\/\/www.idrr.fr\/WordPress\/wp-content\/uploads\/2016\/09\/Iconne-logo_02.png\",\"width\":89,\"height\":88,\"caption\":\"IDRR\"},\"image\":{\"@id\":\"https:\/\/www.idrr.fr\/WordPress\/#\/schema\/logo\/image\/\"}},{\"@type\":\"Person\",\"@id\":\"https:\/\/www.idrr.fr\/WordPress\/#\/schema\/person\/84f7f5d2a5b0f6a42bd0e9cec8b12aa7\",\"name\":\"idrradmin\",\"image\":{\"@type\":\"ImageObject\",\"inLanguage\":\"fr-FR\",\"@id\":\"https:\/\/www.idrr.fr\/WordPress\/#\/schema\/person\/image\/\",\"url\":\"https:\/\/secure.gravatar.com\/avatar\/9becda3e70ebfe57a6175f9ec5b4f514?s=96&d=mm&r=g\",\"contentUrl\":\"https:\/\/secure.gravatar.com\/avatar\/9becda3e70ebfe57a6175f9ec5b4f514?s=96&d=mm&r=g\",\"caption\":\"idrradmin\"},\"url\":\"https:\/\/www.idrr.fr\/WordPress\/author\/idrradmin\/\"}]}<\/script>\n<!-- \/ Yoast SEO plugin. -->","yoast_head_json":{"title":"Les Ressources Renouvelables et le D\u00e9veloppement Local - IDRR","robots":{"index":"index","follow":"follow","max-snippet":"max-snippet:-1","max-image-preview":"max-image-preview:large","max-video-preview":"max-video-preview:-1"},"canonical":"https:\/\/www.idrr.fr\/WordPress\/2017\/09\/25\/ressources-renouvelables-developpement-local\/","og_locale":"fr_FR","og_type":"article","og_title":"Les Ressources Renouvelables et le D\u00e9veloppement Local - IDRR","og_description":"Le 8 Septembre \u00e0 CAMBOUNES (81260), St\u00e9phane GUILLON , m\u00e9diateur scientifique \u00e0 l&rsquo;IDRR, animera un d\u00e9bat sur le th\u00e8me \u00ab\u00a0Les Resources Renouvelables \u00a0et le d\u00e9veloppement Local\u00a0\u00bb. Ce d\u00e9bat aura lieu lire la suite \u2192","og_url":"https:\/\/www.idrr.fr\/WordPress\/2017\/09\/25\/ressources-renouvelables-developpement-local\/","og_site_name":"IDRR","article_published_time":"2017-09-25T12:12:18+00:00","article_modified_time":"2017-10-12T12:29:32+00:00","og_image":[{"width":1000,"height":1419,"url":"https:\/\/www.idrr.fr\/WordPress\/wp-content\/uploads\/2017\/09\/CAMBOUNES_06_HD-2-1-e1507811552797.jpg","type":"image\/jpeg"}],"author":"idrradmin","twitter_card":"summary_large_image","twitter_misc":{"\u00c9crit par":"idrradmin"},"schema":{"@context":"https:\/\/schema.org","@graph":[{"@type":"Article","@id":"https:\/\/www.idrr.fr\/WordPress\/2017\/09\/25\/ressources-renouvelables-developpement-local\/#article","isPartOf":{"@id":"https:\/\/www.idrr.fr\/WordPress\/2017\/09\/25\/ressources-renouvelables-developpement-local\/"},"author":{"name":"idrradmin","@id":"https:\/\/www.idrr.fr\/WordPress\/#\/schema\/person\/84f7f5d2a5b0f6a42bd0e9cec8b12aa7"},"headline":"Les Ressources Renouvelables et le D\u00e9veloppement Local","datePublished":"2017-09-25T12:12:18+00:00","dateModified":"2017-10-12T12:29:32+00:00","mainEntityOfPage":{"@id":"https:\/\/www.idrr.fr\/WordPress\/2017\/09\/25\/ressources-renouvelables-developpement-local\/"},"wordCount":92,"publisher":{"@id":"https:\/\/www.idrr.fr\/WordPress\/#organization"},"articleSection":["Communication"],"inLanguage":"fr-FR"},{"@type":"WebPage","@id":"https:\/\/www.idrr.fr\/WordPress\/2017\/09\/25\/ressources-renouvelables-developpement-local\/","url":"https:\/\/www.idrr.fr\/WordPress\/2017\/09\/25\/ressources-renouvelables-developpement-local\/","name":"Les Ressources Renouvelables et le D\u00e9veloppement Local - IDRR","isPartOf":{"@id":"https:\/\/www.idrr.fr\/WordPress\/#website"},"datePublished":"2017-09-25T12:12:18+00:00","dateModified":"2017-10-12T12:29:32+00:00","breadcrumb":{"@id":"https:\/\/www.idrr.fr\/WordPress\/2017\/09\/25\/ressources-renouvelables-developpement-local\/#breadcrumb"},"inLanguage":"fr-FR","potentialAction":[{"@type":"ReadAction","target":["https:\/\/www.idrr.fr\/WordPress\/2017\/09\/25\/ressources-renouvelables-developpement-local\/"]}]},{"@type":"BreadcrumbList","@id":"https:\/\/www.idrr.fr\/WordPress\/2017\/09\/25\/ressources-renouvelables-developpement-local\/#breadcrumb","itemListElement":[{"@type":"ListItem","position":1,"name":"Accueil","item":"https:\/\/www.idrr.fr\/WordPress\/"},{"@type":"ListItem","position":2,"name":"Les Ressources Renouvelables et le D\u00e9veloppement Local"}]},{"@type":"WebSite","@id":"https:\/\/www.idrr.fr\/WordPress\/#website","url":"https:\/\/www.idrr.fr\/WordPress\/","name":"IDRR","description":"Institut de D\u00e9veloppement des Ressources Renouvelables","publisher":{"@id":"https:\/\/www.idrr.fr\/WordPress\/#organization"},"potentialAction":[{"@type":"SearchAction","target":{"@type":"EntryPoint","urlTemplate":"https:\/\/www.idrr.fr\/WordPress\/?s={search_term_string}"},"query-input":"required name=search_term_string"}],"inLanguage":"fr-FR"},{"@type":"Organization","@id":"https:\/\/www.idrr.fr\/WordPress\/#organization","name":"IDRR","url":"https:\/\/www.idrr.fr\/WordPress\/","logo":{"@type":"ImageObject","inLanguage":"fr-FR","@id":"https:\/\/www.idrr.fr\/WordPress\/#\/schema\/logo\/image\/","url":"https:\/\/www.idrr.fr\/WordPress\/wp-content\/uploads\/2016\/09\/Iconne-logo_02.png","contentUrl":"https:\/\/www.idrr.fr\/WordPress\/wp-content\/uploads\/2016\/09\/Iconne-logo_02.png","width":89,"height":88,"caption":"IDRR"},"image":{"@id":"https:\/\/www.idrr.fr\/WordPress\/#\/schema\/logo\/image\/"}},{"@type":"Person","@id":"https:\/\/www.idrr.fr\/WordPress\/#\/schema\/person\/84f7f5d2a5b0f6a42bd0e9cec8b12aa7","name":"idrradmin","image":{"@type":"ImageObject","inLanguage":"fr-FR","@id":"https:\/\/www.idrr.fr\/WordPress\/#\/schema\/person\/image\/","url":"https:\/\/secure.gravatar.com\/avatar\/9becda3e70ebfe57a6175f9ec5b4f514?s=96&d=mm&r=g","contentUrl":"https:\/\/secure.gravatar.com\/avatar\/9becda3e70ebfe57a6175f9ec5b4f514?s=96&d=mm&r=g","caption":"idrradmin"},"url":"https:\/\/www.idrr.fr\/WordPress\/author\/idrradmin\/"}]}},"_links":{"self":[{"href":"https:\/\/www.idrr.fr\/WordPress\/wp-json\/wp\/v2\/posts\/356"}],"collection":[{"href":"https:\/\/www.idrr.fr\/WordPress\/wp-json\/wp\/v2\/posts"}],"about":[{"href":"https:\/\/www.idrr.fr\/WordPress\/wp-json\/wp\/v2\/types\/post"}],"author":[{"embeddable":true,"href":"https:\/\/www.idrr.fr\/WordPress\/wp-json\/wp\/v2\/users\/1"}],"replies":[{"embeddable":true,"href":"https:\/\/www.idrr.fr\/WordPress\/wp-json\/wp\/v2\/comments?post=356"}],"version-history":[{"count":3,"href":"https:\/\/www.idrr.fr\/WordPress\/wp-json\/wp\/v2\/posts\/356\/revisions"}],"predecessor-version":[{"id":362,"href":"https:\/\/www.idrr.fr\/WordPress\/wp-json\/wp\/v2\/posts\/356\/revisions\/362"}],"wp:featuredmedia":[{"embeddable":true,"href":"https:\/\/www.idrr.fr\/WordPress\/wp-json\/wp\/v2\/media\/358"}],"wp:attachment":[{"href":"https:\/\/www.idrr.fr\/WordPress\/wp-json\/wp\/v2\/media?parent=356"}],"wp:term":[{"taxonomy":"category","embeddable":true,"href":"https:\/\/www.idrr.fr\/WordPress\/wp-json\/wp\/v2\/categories?post=356"},{"taxonomy":"post_tag","embeddable":true,"href":"https:\/\/www.idrr.fr\/WordPress\/wp-json\/wp\/v2\/tags?post=356"}],"curies":[{"name":"wp","href":"https:\/\/api.w.org\/{rel}","templated":true}]}}