{"id":192,"date":"2016-09-15T09:00:02","date_gmt":"2016-09-15T07:00:02","guid":{"rendered":"http:\/\/www.idrr.fr\/WordPress\/?p=192"},"modified":"2016-12-28T23:00:19","modified_gmt":"2016-12-28T22:00:19","slug":"fete-de-science-2016-25ieme-edition","status":"publish","type":"post","link":"https:\/\/www.idrr.fr\/WordPress\/2016\/09\/15\/fete-de-science-2016-25ieme-edition\/","title":{"rendered":"F\u00eate de la Science 2016 (25i\u00e8me \u00e9dition)"},"content":{"rendered":"<p style=\"text-align: justify;\">Pour cette nouvelle ann\u00e9e l&rsquo;IDRR du Tarn s&rsquo;investi \u00e0 nouveau fortement dans l&rsquo;organisation de cet \u00e9v\u00e9nement majeur du Tarn. Ensemble le collectif Science en Tarn vous propose de nombreuses activit\u00e9s pour octobre.<\/p>\n<p style=\"text-align: justify;\">Nous serons pr\u00e9sents \u00e0 la Nuit des Chercheurs. Nous animerons aussi des ateliers sur 2 des 3 villages des sciences. Enfin nous organisons 3 visites d&rsquo;installations.<\/p>\n<p style=\"text-align: justify;\">Rejoignez-nous sur nos diverses actions! Venez nombreux!<\/p>\n<p style=\"text-align: justify;\"><!--more--><\/p>\n<hr \/>\n<ul>\n<li style=\"text-align: justify;\">\n<h2><span style=\"text-decoration: underline;\"><strong>La Nuit des chercheurs<\/strong><\/span><\/h2>\n<\/li>\n<\/ul>\n<p style=\"text-align: justify;\"><strong>Le 30 septembre<\/strong> venez rencontrer des scientifiques lors de la Nuit des chercheurs organis\u00e9e dans le cadre de la f\u00eate de la science.<\/p>\n<hr \/>\n<ul>\n<li style=\"text-align: justify;\">\n<h2><span style=\"text-decoration: underline;\"><strong>Les villages des Sciences<\/strong><\/span><\/h2>\n<\/li>\n<\/ul>\n<p style=\"text-align: justify;\">Mais surtout le village des Science voyagera dans trois villes diff\u00e9rentes. L\u2019objectif? Faire voyager la science au plus pr\u00e8s des tarnais, qu\u2019ils soient urbains, ruraux, scientifiques en herbe, curieux de nature, scientifiques confirm\u00e9s, petits ou grands\u2026<\/p>\n<p style=\"text-align: justify;\">La premi\u00e8re escale se fera \u00e0 Montredon-Labessonni\u00e9 o\u00f9 vous rencontrerez <strong>la science du \u201cCiel \u00e0 la Terre\u201d du 6 au 8 octobre<\/strong>.<\/p>\n<p style=\"text-align: justify;\">Le voyage se poursuivra \u00e0 Albi pour s\u2019orienter vers la recherche et la technique permettant de passer du<strong> \u201cVirtuel au R\u00e9el\u201d du 13 au 15 octobre<\/strong>.<\/p>\n<p style=\"text-align: justify;\">Pour son dernier arr\u00eat, Puylaurens traitera d\u2019une th\u00e9matique des plus essentielles, \u00e0 savoir <strong>la science du \u201cChamp \u00e0 l&rsquo;Assiette\u201d du 16 au 19 octobre<\/strong>. Dans chaque village, une dizaine de stands anim\u00e9s par des laboratoires, des associations, des entreprises et des \u00e9tablissements d\u2019enseignement vous permettra de d\u00e9couvrir la science sous tous ses aspects.<\/p>\n<p style=\"text-align: justify;\">Nous seront pr\u00e9sent sur les villages de Montredon Labessonni\u00e9s pour un atelier sur le soleil et son importance de Puylaurens pour parler de la m\u00e9t\u00e9orologie.<\/p>\n<hr \/>\n<ul>\n<li style=\"text-align: justify;\">\n<h2><strong><span style=\"text-decoration: underline;\">Les Portes Ouvertes<\/span><\/strong><\/h2>\n<\/li>\n<\/ul>\n<p style=\"text-align: justify;\">Enfin l&rsquo;IDRR organise des portes ouvertes pour faire visiter des installations originales li\u00e9 aux ressources renouvelables:<\/p>\n<p style=\"text-align: justify;\"><strong>&#8211; Le 19 octobre visite d&rsquo;un B\u00e2timent \u00e0 \u00e9nergie positive sur Albi.<\/strong><\/p>\n<p style=\"text-align: justify;\"><strong>&#8211; Le 24 octobre visite d&rsquo;un bassin de baignade \u00e9cologique \u00e0 Puylaurens.<\/strong><\/p>\n<p style=\"text-align: justify;\"><strong>&#8211; Le 28 octobre visite d&rsquo;une installation de g\u00e9othermie profonde \u00e0 Saint-Paul-Cap-de-Joux.<\/strong><\/p>\n<p style=\"text-align: justify;\">Pour plus de renseignements et inscription pour les portes ouvertes:<\/p>\n<p style=\"text-align: justify;\">Guillon St\u00e9phane<\/p>\n<p style=\"text-align: justify;\">stephane@idrr.fr<\/p>\n<p style=\"text-align: justify;\">06.79.60.72.47<\/p>\n<p style=\"text-align: justify;\">\n<p style=\"text-align: justify;\"><img decoding=\"async\" loading=\"lazy\" class=\"alignnone size-medium wp-image-150\" src=\"http:\/\/www.idrr.fr\/WordPress\/wp-content\/uploads\/2016\/09\/Affiche-212x300.jpg\" alt=\"\" width=\"212\" height=\"300\" srcset=\"https:\/\/www.idrr.fr\/WordPress\/wp-content\/uploads\/2016\/09\/Affiche-212x300.jpg 212w, https:\/\/www.idrr.fr\/WordPress\/wp-content\/uploads\/2016\/09\/Affiche-768x1086.jpg 768w, https:\/\/www.idrr.fr\/WordPress\/wp-content\/uploads\/2016\/09\/Affiche-724x1024.jpg 724w, https:\/\/www.idrr.fr\/WordPress\/wp-content\/uploads\/2016\/09\/Affiche.jpg 1076w\" sizes=\"(max-width: 212px) 100vw, 212px\" \/><\/p>\n","protected":false},"excerpt":{"rendered":"<p>Pour cette nouvelle ann\u00e9e l&rsquo;IDRR du Tarn s&rsquo;investi \u00e0 nouveau fortement dans l&rsquo;organisation de cet \u00e9v\u00e9nement majeur du Tarn. Ensemble le collectif Science en Tarn vous propose de nombreuses activit\u00e9s <a class=\"more-link\" href=\"https:\/\/www.idrr.fr\/WordPress\/2016\/09\/15\/fete-de-science-2016-25ieme-edition\/\">lire la suite \u2192<\/a><\/p>\n","protected":false},"author":1,"featured_media":275,"comment_status":"closed","ping_status":"closed","sticky":false,"template":"","format":"standard","meta":[],"categories":[8],"tags":[],"yoast_head":"<!-- This site is optimized with the Yoast SEO plugin v20.0 - https:\/\/yoast.com\/wordpress\/plugins\/seo\/ -->\n<title>F\u00eate de la Science 2016 (25i\u00e8me \u00e9dition) - IDRR<\/title>\n<meta name=\"robots\" content=\"index, follow, max-snippet:-1, max-image-preview:large, max-video-preview:-1\" \/>\n<link rel=\"canonical\" href=\"https:\/\/www.idrr.fr\/WordPress\/2016\/09\/15\/fete-de-science-2016-25ieme-edition\/\" \/>\n<meta property=\"og:locale\" content=\"fr_FR\" \/>\n<meta property=\"og:type\" content=\"article\" \/>\n<meta property=\"og:title\" content=\"F\u00eate de la Science 2016 (25i\u00e8me \u00e9dition) - IDRR\" \/>\n<meta property=\"og:description\" content=\"Pour cette nouvelle ann\u00e9e l&rsquo;IDRR du Tarn s&rsquo;investi \u00e0 nouveau fortement dans l&rsquo;organisation de cet \u00e9v\u00e9nement majeur du Tarn. Ensemble le collectif Science en Tarn vous propose de nombreuses activit\u00e9s lire la suite \u2192\" \/>\n<meta property=\"og:url\" content=\"https:\/\/www.idrr.fr\/WordPress\/2016\/09\/15\/fete-de-science-2016-25ieme-edition\/\" \/>\n<meta property=\"og:site_name\" content=\"IDRR\" \/>\n<meta property=\"article:published_time\" content=\"2016-09-15T07:00:02+00:00\" \/>\n<meta property=\"article:modified_time\" content=\"2016-12-28T22:00:19+00:00\" \/>\n<meta property=\"og:image\" content=\"https:\/\/www.idrr.fr\/WordPress\/wp-content\/uploads\/2016\/09\/Photostand.jpg\" \/>\n\t<meta property=\"og:image:width\" content=\"300\" \/>\n\t<meta property=\"og:image:height\" content=\"400\" \/>\n\t<meta property=\"og:image:type\" content=\"image\/jpeg\" \/>\n<meta name=\"author\" content=\"idrradmin\" \/>\n<meta name=\"twitter:card\" content=\"summary_large_image\" \/>\n<meta name=\"twitter:label1\" content=\"\u00c9crit par\" \/>\n\t<meta name=\"twitter:data1\" content=\"idrradmin\" \/>\n\t<meta name=\"twitter:label2\" content=\"Dur\u00e9e de lecture estim\u00e9e\" \/>\n\t<meta name=\"twitter:data2\" content=\"2 minutes\" \/>\n<script type=\"application\/ld+json\" class=\"yoast-schema-graph\">{\"@context\":\"https:\/\/schema.org\",\"@graph\":[{\"@type\":\"Article\",\"@id\":\"https:\/\/www.idrr.fr\/WordPress\/2016\/09\/15\/fete-de-science-2016-25ieme-edition\/#article\",\"isPartOf\":{\"@id\":\"https:\/\/www.idrr.fr\/WordPress\/2016\/09\/15\/fete-de-science-2016-25ieme-edition\/\"},\"author\":{\"name\":\"idrradmin\",\"@id\":\"https:\/\/www.idrr.fr\/WordPress\/#\/schema\/person\/84f7f5d2a5b0f6a42bd0e9cec8b12aa7\"},\"headline\":\"F\u00eate de la Science 2016 (25i\u00e8me \u00e9dition)\",\"datePublished\":\"2016-09-15T07:00:02+00:00\",\"dateModified\":\"2016-12-28T22:00:19+00:00\",\"mainEntityOfPage\":{\"@id\":\"https:\/\/www.idrr.fr\/WordPress\/2016\/09\/15\/fete-de-science-2016-25ieme-edition\/\"},\"wordCount\":349,\"publisher\":{\"@id\":\"https:\/\/www.idrr.fr\/WordPress\/#organization\"},\"articleSection\":[\"F\u00eate de la science\"],\"inLanguage\":\"fr-FR\"},{\"@type\":\"WebPage\",\"@id\":\"https:\/\/www.idrr.fr\/WordPress\/2016\/09\/15\/fete-de-science-2016-25ieme-edition\/\",\"url\":\"https:\/\/www.idrr.fr\/WordPress\/2016\/09\/15\/fete-de-science-2016-25ieme-edition\/\",\"name\":\"F\u00eate de la Science 2016 (25i\u00e8me \u00e9dition) - IDRR\",\"isPartOf\":{\"@id\":\"https:\/\/www.idrr.fr\/WordPress\/#website\"},\"datePublished\":\"2016-09-15T07:00:02+00:00\",\"dateModified\":\"2016-12-28T22:00:19+00:00\",\"breadcrumb\":{\"@id\":\"https:\/\/www.idrr.fr\/WordPress\/2016\/09\/15\/fete-de-science-2016-25ieme-edition\/#breadcrumb\"},\"inLanguage\":\"fr-FR\",\"potentialAction\":[{\"@type\":\"ReadAction\",\"target\":[\"https:\/\/www.idrr.fr\/WordPress\/2016\/09\/15\/fete-de-science-2016-25ieme-edition\/\"]}]},{\"@type\":\"BreadcrumbList\",\"@id\":\"https:\/\/www.idrr.fr\/WordPress\/2016\/09\/15\/fete-de-science-2016-25ieme-edition\/#breadcrumb\",\"itemListElement\":[{\"@type\":\"ListItem\",\"position\":1,\"name\":\"Accueil\",\"item\":\"https:\/\/www.idrr.fr\/WordPress\/\"},{\"@type\":\"ListItem\",\"position\":2,\"name\":\"F\u00eate de la Science 2016 (25i\u00e8me \u00e9dition)\"}]},{\"@type\":\"WebSite\",\"@id\":\"https:\/\/www.idrr.fr\/WordPress\/#website\",\"url\":\"https:\/\/www.idrr.fr\/WordPress\/\",\"name\":\"IDRR\",\"description\":\"Institut de D\u00e9veloppement des Ressources Renouvelables\",\"publisher\":{\"@id\":\"https:\/\/www.idrr.fr\/WordPress\/#organization\"},\"potentialAction\":[{\"@type\":\"SearchAction\",\"target\":{\"@type\":\"EntryPoint\",\"urlTemplate\":\"https:\/\/www.idrr.fr\/WordPress\/?s={search_term_string}\"},\"query-input\":\"required name=search_term_string\"}],\"inLanguage\":\"fr-FR\"},{\"@type\":\"Organization\",\"@id\":\"https:\/\/www.idrr.fr\/WordPress\/#organization\",\"name\":\"IDRR\",\"url\":\"https:\/\/www.idrr.fr\/WordPress\/\",\"logo\":{\"@type\":\"ImageObject\",\"inLanguage\":\"fr-FR\",\"@id\":\"https:\/\/www.idrr.fr\/WordPress\/#\/schema\/logo\/image\/\",\"url\":\"https:\/\/www.idrr.fr\/WordPress\/wp-content\/uploads\/2016\/09\/Iconne-logo_02.png\",\"contentUrl\":\"https:\/\/www.idrr.fr\/WordPress\/wp-content\/uploads\/2016\/09\/Iconne-logo_02.png\",\"width\":89,\"height\":88,\"caption\":\"IDRR\"},\"image\":{\"@id\":\"https:\/\/www.idrr.fr\/WordPress\/#\/schema\/logo\/image\/\"}},{\"@type\":\"Person\",\"@id\":\"https:\/\/www.idrr.fr\/WordPress\/#\/schema\/person\/84f7f5d2a5b0f6a42bd0e9cec8b12aa7\",\"name\":\"idrradmin\",\"image\":{\"@type\":\"ImageObject\",\"inLanguage\":\"fr-FR\",\"@id\":\"https:\/\/www.idrr.fr\/WordPress\/#\/schema\/person\/image\/\",\"url\":\"https:\/\/secure.gravatar.com\/avatar\/9becda3e70ebfe57a6175f9ec5b4f514?s=96&d=mm&r=g\",\"contentUrl\":\"https:\/\/secure.gravatar.com\/avatar\/9becda3e70ebfe57a6175f9ec5b4f514?s=96&d=mm&r=g\",\"caption\":\"idrradmin\"},\"url\":\"https:\/\/www.idrr.fr\/WordPress\/author\/idrradmin\/\"}]}<\/script>\n<!-- \/ Yoast SEO plugin. -->","yoast_head_json":{"title":"F\u00eate de la Science 2016 (25i\u00e8me \u00e9dition) - IDRR","robots":{"index":"index","follow":"follow","max-snippet":"max-snippet:-1","max-image-preview":"max-image-preview:large","max-video-preview":"max-video-preview:-1"},"canonical":"https:\/\/www.idrr.fr\/WordPress\/2016\/09\/15\/fete-de-science-2016-25ieme-edition\/","og_locale":"fr_FR","og_type":"article","og_title":"F\u00eate de la Science 2016 (25i\u00e8me \u00e9dition) - IDRR","og_description":"Pour cette nouvelle ann\u00e9e l&rsquo;IDRR du Tarn s&rsquo;investi \u00e0 nouveau fortement dans l&rsquo;organisation de cet \u00e9v\u00e9nement majeur du Tarn. Ensemble le collectif Science en Tarn vous propose de nombreuses activit\u00e9s lire la suite \u2192","og_url":"https:\/\/www.idrr.fr\/WordPress\/2016\/09\/15\/fete-de-science-2016-25ieme-edition\/","og_site_name":"IDRR","article_published_time":"2016-09-15T07:00:02+00:00","article_modified_time":"2016-12-28T22:00:19+00:00","og_image":[{"width":300,"height":400,"url":"https:\/\/www.idrr.fr\/WordPress\/wp-content\/uploads\/2016\/09\/Photostand.jpg","type":"image\/jpeg"}],"author":"idrradmin","twitter_card":"summary_large_image","twitter_misc":{"\u00c9crit par":"idrradmin","Dur\u00e9e de lecture estim\u00e9e":"2 minutes"},"schema":{"@context":"https:\/\/schema.org","@graph":[{"@type":"Article","@id":"https:\/\/www.idrr.fr\/WordPress\/2016\/09\/15\/fete-de-science-2016-25ieme-edition\/#article","isPartOf":{"@id":"https:\/\/www.idrr.fr\/WordPress\/2016\/09\/15\/fete-de-science-2016-25ieme-edition\/"},"author":{"name":"idrradmin","@id":"https:\/\/www.idrr.fr\/WordPress\/#\/schema\/person\/84f7f5d2a5b0f6a42bd0e9cec8b12aa7"},"headline":"F\u00eate de la Science 2016 (25i\u00e8me \u00e9dition)","datePublished":"2016-09-15T07:00:02+00:00","dateModified":"2016-12-28T22:00:19+00:00","mainEntityOfPage":{"@id":"https:\/\/www.idrr.fr\/WordPress\/2016\/09\/15\/fete-de-science-2016-25ieme-edition\/"},"wordCount":349,"publisher":{"@id":"https:\/\/www.idrr.fr\/WordPress\/#organization"},"articleSection":["F\u00eate de la science"],"inLanguage":"fr-FR"},{"@type":"WebPage","@id":"https:\/\/www.idrr.fr\/WordPress\/2016\/09\/15\/fete-de-science-2016-25ieme-edition\/","url":"https:\/\/www.idrr.fr\/WordPress\/2016\/09\/15\/fete-de-science-2016-25ieme-edition\/","name":"F\u00eate de la Science 2016 (25i\u00e8me \u00e9dition) - IDRR","isPartOf":{"@id":"https:\/\/www.idrr.fr\/WordPress\/#website"},"datePublished":"2016-09-15T07:00:02+00:00","dateModified":"2016-12-28T22:00:19+00:00","breadcrumb":{"@id":"https:\/\/www.idrr.fr\/WordPress\/2016\/09\/15\/fete-de-science-2016-25ieme-edition\/#breadcrumb"},"inLanguage":"fr-FR","potentialAction":[{"@type":"ReadAction","target":["https:\/\/www.idrr.fr\/WordPress\/2016\/09\/15\/fete-de-science-2016-25ieme-edition\/"]}]},{"@type":"BreadcrumbList","@id":"https:\/\/www.idrr.fr\/WordPress\/2016\/09\/15\/fete-de-science-2016-25ieme-edition\/#breadcrumb","itemListElement":[{"@type":"ListItem","position":1,"name":"Accueil","item":"https:\/\/www.idrr.fr\/WordPress\/"},{"@type":"ListItem","position":2,"name":"F\u00eate de la Science 2016 (25i\u00e8me \u00e9dition)"}]},{"@type":"WebSite","@id":"https:\/\/www.idrr.fr\/WordPress\/#website","url":"https:\/\/www.idrr.fr\/WordPress\/","name":"IDRR","description":"Institut de D\u00e9veloppement des Ressources Renouvelables","publisher":{"@id":"https:\/\/www.idrr.fr\/WordPress\/#organization"},"potentialAction":[{"@type":"SearchAction","target":{"@type":"EntryPoint","urlTemplate":"https:\/\/www.idrr.fr\/WordPress\/?s={search_term_string}"},"query-input":"required name=search_term_string"}],"inLanguage":"fr-FR"},{"@type":"Organization","@id":"https:\/\/www.idrr.fr\/WordPress\/#organization","name":"IDRR","url":"https:\/\/www.idrr.fr\/WordPress\/","logo":{"@type":"ImageObject","inLanguage":"fr-FR","@id":"https:\/\/www.idrr.fr\/WordPress\/#\/schema\/logo\/image\/","url":"https:\/\/www.idrr.fr\/WordPress\/wp-content\/uploads\/2016\/09\/Iconne-logo_02.png","contentUrl":"https:\/\/www.idrr.fr\/WordPress\/wp-content\/uploads\/2016\/09\/Iconne-logo_02.png","width":89,"height":88,"caption":"IDRR"},"image":{"@id":"https:\/\/www.idrr.fr\/WordPress\/#\/schema\/logo\/image\/"}},{"@type":"Person","@id":"https:\/\/www.idrr.fr\/WordPress\/#\/schema\/person\/84f7f5d2a5b0f6a42bd0e9cec8b12aa7","name":"idrradmin","image":{"@type":"ImageObject","inLanguage":"fr-FR","@id":"https:\/\/www.idrr.fr\/WordPress\/#\/schema\/person\/image\/","url":"https:\/\/secure.gravatar.com\/avatar\/9becda3e70ebfe57a6175f9ec5b4f514?s=96&d=mm&r=g","contentUrl":"https:\/\/secure.gravatar.com\/avatar\/9becda3e70ebfe57a6175f9ec5b4f514?s=96&d=mm&r=g","caption":"idrradmin"},"url":"https:\/\/www.idrr.fr\/WordPress\/author\/idrradmin\/"}]}},"_links":{"self":[{"href":"https:\/\/www.idrr.fr\/WordPress\/wp-json\/wp\/v2\/posts\/192"}],"collection":[{"href":"https:\/\/www.idrr.fr\/WordPress\/wp-json\/wp\/v2\/posts"}],"about":[{"href":"https:\/\/www.idrr.fr\/WordPress\/wp-json\/wp\/v2\/types\/post"}],"author":[{"embeddable":true,"href":"https:\/\/www.idrr.fr\/WordPress\/wp-json\/wp\/v2\/users\/1"}],"replies":[{"embeddable":true,"href":"https:\/\/www.idrr.fr\/WordPress\/wp-json\/wp\/v2\/comments?post=192"}],"version-history":[{"count":2,"href":"https:\/\/www.idrr.fr\/WordPress\/wp-json\/wp\/v2\/posts\/192\/revisions"}],"predecessor-version":[{"id":277,"href":"https:\/\/www.idrr.fr\/WordPress\/wp-json\/wp\/v2\/posts\/192\/revisions\/277"}],"wp:featuredmedia":[{"embeddable":true,"href":"https:\/\/www.idrr.fr\/WordPress\/wp-json\/wp\/v2\/media\/275"}],"wp:attachment":[{"href":"https:\/\/www.idrr.fr\/WordPress\/wp-json\/wp\/v2\/media?parent=192"}],"wp:term":[{"taxonomy":"category","embeddable":true,"href":"https:\/\/www.idrr.fr\/WordPress\/wp-json\/wp\/v2\/categories?post=192"},{"taxonomy":"post_tag","embeddable":true,"href":"https:\/\/www.idrr.fr\/WordPress\/wp-json\/wp\/v2\/tags?post=192"}],"curies":[{"name":"wp","href":"https:\/\/api.w.org\/{rel}","templated":true}]}}